{"id":503,"date":"2017-03-12T11:39:55","date_gmt":"2017-03-12T10:39:55","guid":{"rendered":"http:\/\/www.anjela.org\/oberenn\/?p=503"},"modified":"2025-08-13T15:14:26","modified_gmt":"2025-08-13T13:14:26","slug":"drak-da-skeudenn","status":"publish","type":"post","link":"https:\/\/www.anjela.org\/oberenn\/bz\/drak-da-skeudenn\/","title":{"rendered":"Drak da skeudenn"},"content":{"rendered":"<p>Da Viviana Caouissin<br \/>\n                        Noz Gouel Chandelour eo<br \/>\n                                   Gouel ar Goulaou.<br \/>\nA-hed an deiz &lsquo;m eus so\u00f1jet ennout.<br \/>\nNa so\u00f1j ac&rsquo;h eus, Viviana eus va zi paour ?<br \/>\n            Emaon azezet fenoz ama\u00f1<br \/>\n&lsquo;Lec&rsquo;h ma oas azezet p&rsquo;out deut d&rsquo;am zi<br \/>\nAr memes tan en oaled, sioul pep tra<br \/>\nNemet an orolaj o vuzulia\u00f1 an amzer.<br \/>\n\u2026 Bloavezhio\u00f9 zo tremenet abaoe<br \/>\nGant o samm a breder, gant o fouez a enkrez<br \/>\nA striv hag a stourm evit ar Vuhez<br \/>\nHa Buhez hor Bro. Buhez ar Ouenn.<br \/>\n\u2026 Ponner eo bet da groaz Viviana<br \/>\nHa te\u00f1val da Hent er Bed-ma\u00f1.<br \/>\nHento\u00f9 don ha strizh ar Gelted :<br \/>\nKildroennek ha skosellek, treuzet alies<br \/>\nGant drez ha spern o drein garo.<br \/>\nPadal o tibouka\u00f1 war ur blaenenn c&rsquo;hlas<br \/>\nMarellet a vleu\u00f1v gwelevus<br \/>\nO lintra\u00f1 dindan an Heol<br \/>\nPe war ur parkad Ed-bara<br \/>\nO wagenni\u00f1 en aezhenn flour Gouhere<br \/>\n\u2014 A ! Lavar dimp, Viviana, bleu\u00f1venn Keltia<br \/>\nE vleuniez brema\u00f1 da viken<br \/>\nE liorzh-hud T\u00edr na n\u00d3g.<br \/>\n\u2014 Lavar dimp ac&rsquo;h eus kavet<br \/>\nE penn da Hent don<br \/>\nAr skl\u00earijenn-se hirc&rsquo;hortozet<br \/>\nAn Heol a Garantez-se ma huanade dezha\u00f1<br \/>\nDa Galon dan. Da Ene naoniek<br \/>\nA ! Lavar dimp ac&rsquo;h eus kavet Du-hont<br \/>\n            Hon Harozed hag hor Sent<br \/>\n                        Hon merzher Brogarour ar beleg santel<br \/>\n                                   Marvet evit Breizh<br \/>\nHag an holl re all kouezhet<br \/>\n            Evit ma vevo Keltia evel Pobl.<br \/>\n                        A-dreuz ar C&rsquo;hantvedo\u00f9.<br \/>\nLavar dimp ac&rsquo;h eus kavet aze<br \/>\nHor Hendado\u00f9 o deus difraostet an Arvor<br \/>\nHag ar re o deus graet hec&rsquo;h Istor<br \/>\nO deus komzet ha kanet ar yezh<br \/>\nEma\u00f1 enni Ijin ha Spered ar Ouenn.<br \/>\nHon Dukez vat, m&rsquo;out ken he\u00f1vel outi<br \/>\nNevenoe, Arzhur, Alan, Morvan<br \/>\nKadoudal, hag holl servijerien Keltia<br \/>\nAet d&rsquo;ober o Feoc&rsquo;h dirak Doue.<br \/>\n\u2026 Viviana. Viviana. Bleu\u00f1venn c&rsquo;hlas tener<br \/>\nN&rsquo;ankounac&rsquo;ha ket da Vro. Hor Bro.<br \/>\nPed Doue ar Skl\u00earijenn hag an Nerzh<br \/>\n            Da ziskouez Hent an Trec&rsquo;h<br \/>\nD&rsquo;ar re a Gendalc&rsquo;h gant ar Stourmad<br \/>\n            Ha bez e Peoc&rsquo;h ar Wenvidigezh<br \/>\n                                                           Da viken.<br \/>\n                                                                       Amen.<\/p>\n<p>Gouel Chandelour 1976<\/p>\n","protected":false},"excerpt":{"rendered":"<p>Da Viviana Caouissin Noz Gouel Chandelour eo Gouel ar Goulaou. A-hed an deiz &lsquo;m eus so\u00f1jet ennout. Na so\u00f1j ac&rsquo;h eus, Viviana [&hellip;]<\/p>\n","protected":false},"author":1,"featured_media":0,"comment_status":"closed","ping_status":"open","sticky":false,"template":"","format":"standard","meta":{"_acf_changed":false,"ngg_post_thumbnail":0,"footnotes":""},"categories":[86,88],"tags":[],"class_list":["post-503","post","type-post","status-publish","format-standard","hentry","category-poemes-bz-cy","category-cahiers-bz-cy"],"acf":[],"yoast_head":"<!-- This site is optimized with the Yoast SEO plugin v27.5 - https:\/\/yoast.com\/product\/yoast-seo-wordpress\/ -->\n<title>Drak da skeudenn - Anjela Duval<\/title>\n<meta name=\"robots\" content=\"index, follow, max-snippet:-1, max-image-preview:large, max-video-preview:-1\" \/>\n<link rel=\"canonical\" href=\"https:\/\/www.anjela.org\/oberenn\/bz\/drak-da-skeudenn\/\" \/>\n<meta property=\"og:locale\" content=\"fr_FR\" \/>\n<meta property=\"og:type\" content=\"article\" \/>\n<meta property=\"og:title\" content=\"Drak da skeudenn - Anjela Duval\" \/>\n<meta property=\"og:description\" content=\"Da Viviana Caouissin Noz Gouel Chandelour eo Gouel ar Goulaou. A-hed an deiz &lsquo;m eus so\u00f1jet ennout. Na so\u00f1j ac&rsquo;h eus, Viviana [&hellip;]\" \/>\n<meta property=\"og:url\" content=\"https:\/\/www.anjela.org\/oberenn\/bz\/drak-da-skeudenn\/\" \/>\n<meta property=\"og:site_name\" content=\"Anjela Duval\" \/>\n<meta property=\"article:published_time\" content=\"2017-03-12T10:39:55+00:00\" \/>\n<meta property=\"article:modified_time\" content=\"2025-08-13T13:14:26+00:00\" \/>\n<meta name=\"author\" content=\"Anjela-Adm\" \/>\n<meta name=\"twitter:card\" content=\"summary_large_image\" \/>\n<meta name=\"twitter:label1\" content=\"\u00c9crit par\" \/>\n\t<meta name=\"twitter:data1\" content=\"Anjela-Adm\" \/>\n\t<meta name=\"twitter:label2\" content=\"Dur\u00e9e de lecture estim\u00e9e\" \/>\n\t<meta name=\"twitter:data2\" content=\"2 minutes\" \/>\n<script type=\"application\/ld+json\" class=\"yoast-schema-graph\">{\"@context\":\"https:\\\/\\\/schema.org\",\"@graph\":[{\"@type\":\"Article\",\"@id\":\"https:\\\/\\\/www.anjela.org\\\/oberenn\\\/bz\\\/drak-da-skeudenn\\\/#article\",\"isPartOf\":{\"@id\":\"https:\\\/\\\/www.anjela.org\\\/oberenn\\\/bz\\\/drak-da-skeudenn\\\/\"},\"author\":{\"name\":\"Anjela-Adm\",\"@id\":\"https:\\\/\\\/www.anjela.org\\\/oberenn\\\/#\\\/schema\\\/person\\\/3f46341919a3b7c3ae6a0b10f114ff0c\"},\"headline\":\"Drak da skeudenn\",\"datePublished\":\"2017-03-12T10:39:55+00:00\",\"dateModified\":\"2025-08-13T13:14:26+00:00\",\"mainEntityOfPage\":{\"@id\":\"https:\\\/\\\/www.anjela.org\\\/oberenn\\\/bz\\\/drak-da-skeudenn\\\/\"},\"wordCount\":350,\"publisher\":{\"@id\":\"https:\\\/\\\/www.anjela.org\\\/oberenn\\\/#organization\"},\"articleSection\":[\"Barzhonego\u00f9\",\"Diwar kaiero\u00f9 ar varzhez\"],\"inLanguage\":\"fr-FR\"},{\"@type\":\"WebPage\",\"@id\":\"https:\\\/\\\/www.anjela.org\\\/oberenn\\\/bz\\\/drak-da-skeudenn\\\/\",\"url\":\"https:\\\/\\\/www.anjela.org\\\/oberenn\\\/bz\\\/drak-da-skeudenn\\\/\",\"name\":\"Drak da skeudenn - Anjela Duval\",\"isPartOf\":{\"@id\":\"https:\\\/\\\/www.anjela.org\\\/oberenn\\\/#website\"},\"datePublished\":\"2017-03-12T10:39:55+00:00\",\"dateModified\":\"2025-08-13T13:14:26+00:00\",\"breadcrumb\":{\"@id\":\"https:\\\/\\\/www.anjela.org\\\/oberenn\\\/bz\\\/drak-da-skeudenn\\\/#breadcrumb\"},\"inLanguage\":\"fr-FR\",\"potentialAction\":[{\"@type\":\"ReadAction\",\"target\":[\"https:\\\/\\\/www.anjela.org\\\/oberenn\\\/bz\\\/drak-da-skeudenn\\\/\"]}]},{\"@type\":\"BreadcrumbList\",\"@id\":\"https:\\\/\\\/www.anjela.org\\\/oberenn\\\/bz\\\/drak-da-skeudenn\\\/#breadcrumb\",\"itemListElement\":[{\"@type\":\"ListItem\",\"position\":1,\"name\":\"Accueil\",\"item\":\"https:\\\/\\\/www.anjela.org\\\/oberenn\\\/\"},{\"@type\":\"ListItem\",\"position\":2,\"name\":\"Drak da skeudenn\"}]},{\"@type\":\"WebSite\",\"@id\":\"https:\\\/\\\/www.anjela.org\\\/oberenn\\\/#website\",\"url\":\"https:\\\/\\\/www.anjela.org\\\/oberenn\\\/\",\"name\":\"Anjela Duval\",\"description\":\"\",\"publisher\":{\"@id\":\"https:\\\/\\\/www.anjela.org\\\/oberenn\\\/#organization\"},\"potentialAction\":[{\"@type\":\"SearchAction\",\"target\":{\"@type\":\"EntryPoint\",\"urlTemplate\":\"https:\\\/\\\/www.anjela.org\\\/oberenn\\\/?s={search_term_string}\"},\"query-input\":{\"@type\":\"PropertyValueSpecification\",\"valueRequired\":true,\"valueName\":\"search_term_string\"}}],\"inLanguage\":\"fr-FR\"},{\"@type\":\"Organization\",\"@id\":\"https:\\\/\\\/www.anjela.org\\\/oberenn\\\/#organization\",\"name\":\"Mignoned Anjela\",\"url\":\"https:\\\/\\\/www.anjela.org\\\/oberenn\\\/\",\"logo\":{\"@type\":\"ImageObject\",\"inLanguage\":\"fr-FR\",\"@id\":\"https:\\\/\\\/www.anjela.org\\\/oberenn\\\/#\\\/schema\\\/logo\\\/image\\\/\",\"url\":\"https:\\\/\\\/www.anjela.org\\\/oberenn\\\/wp-content\\\/uploads\\\/2019\\\/11\\\/logo-mignoned-angela.png\",\"contentUrl\":\"https:\\\/\\\/www.anjela.org\\\/oberenn\\\/wp-content\\\/uploads\\\/2019\\\/11\\\/logo-mignoned-angela.png\",\"width\":248,\"height\":147,\"caption\":\"Mignoned Anjela\"},\"image\":{\"@id\":\"https:\\\/\\\/www.anjela.org\\\/oberenn\\\/#\\\/schema\\\/logo\\\/image\\\/\"}},{\"@type\":\"Person\",\"@id\":\"https:\\\/\\\/www.anjela.org\\\/oberenn\\\/#\\\/schema\\\/person\\\/3f46341919a3b7c3ae6a0b10f114ff0c\",\"name\":\"Anjela-Adm\",\"image\":{\"@type\":\"ImageObject\",\"inLanguage\":\"fr-FR\",\"@id\":\"https:\\\/\\\/secure.gravatar.com\\\/avatar\\\/565733aed00fbe7269248aac9873ac3ab8fdb55026c20fd5125b560451088f34?s=96&d=mm&r=g\",\"url\":\"https:\\\/\\\/secure.gravatar.com\\\/avatar\\\/565733aed00fbe7269248aac9873ac3ab8fdb55026c20fd5125b560451088f34?s=96&d=mm&r=g\",\"contentUrl\":\"https:\\\/\\\/secure.gravatar.com\\\/avatar\\\/565733aed00fbe7269248aac9873ac3ab8fdb55026c20fd5125b560451088f34?s=96&d=mm&r=g\",\"caption\":\"Anjela-Adm\"}}]}<\/script>\n<!-- \/ Yoast SEO plugin. -->","yoast_head_json":{"title":"Drak da skeudenn - Anjela Duval","robots":{"index":"index","follow":"follow","max-snippet":"max-snippet:-1","max-image-preview":"max-image-preview:large","max-video-preview":"max-video-preview:-1"},"canonical":"https:\/\/www.anjela.org\/oberenn\/bz\/drak-da-skeudenn\/","og_locale":"fr_FR","og_type":"article","og_title":"Drak da skeudenn - Anjela Duval","og_description":"Da Viviana Caouissin Noz Gouel Chandelour eo Gouel ar Goulaou. A-hed an deiz &lsquo;m eus so\u00f1jet ennout. Na so\u00f1j ac&rsquo;h eus, Viviana [&hellip;]","og_url":"https:\/\/www.anjela.org\/oberenn\/bz\/drak-da-skeudenn\/","og_site_name":"Anjela Duval","article_published_time":"2017-03-12T10:39:55+00:00","article_modified_time":"2025-08-13T13:14:26+00:00","author":"Anjela-Adm","twitter_card":"summary_large_image","twitter_misc":{"\u00c9crit par":"Anjela-Adm","Dur\u00e9e de lecture estim\u00e9e":"2 minutes"},"schema":{"@context":"https:\/\/schema.org","@graph":[{"@type":"Article","@id":"https:\/\/www.anjela.org\/oberenn\/bz\/drak-da-skeudenn\/#article","isPartOf":{"@id":"https:\/\/www.anjela.org\/oberenn\/bz\/drak-da-skeudenn\/"},"author":{"name":"Anjela-Adm","@id":"https:\/\/www.anjela.org\/oberenn\/#\/schema\/person\/3f46341919a3b7c3ae6a0b10f114ff0c"},"headline":"Drak da skeudenn","datePublished":"2017-03-12T10:39:55+00:00","dateModified":"2025-08-13T13:14:26+00:00","mainEntityOfPage":{"@id":"https:\/\/www.anjela.org\/oberenn\/bz\/drak-da-skeudenn\/"},"wordCount":350,"publisher":{"@id":"https:\/\/www.anjela.org\/oberenn\/#organization"},"articleSection":["Barzhonego\u00f9","Diwar kaiero\u00f9 ar varzhez"],"inLanguage":"fr-FR"},{"@type":"WebPage","@id":"https:\/\/www.anjela.org\/oberenn\/bz\/drak-da-skeudenn\/","url":"https:\/\/www.anjela.org\/oberenn\/bz\/drak-da-skeudenn\/","name":"Drak da skeudenn - Anjela Duval","isPartOf":{"@id":"https:\/\/www.anjela.org\/oberenn\/#website"},"datePublished":"2017-03-12T10:39:55+00:00","dateModified":"2025-08-13T13:14:26+00:00","breadcrumb":{"@id":"https:\/\/www.anjela.org\/oberenn\/bz\/drak-da-skeudenn\/#breadcrumb"},"inLanguage":"fr-FR","potentialAction":[{"@type":"ReadAction","target":["https:\/\/www.anjela.org\/oberenn\/bz\/drak-da-skeudenn\/"]}]},{"@type":"BreadcrumbList","@id":"https:\/\/www.anjela.org\/oberenn\/bz\/drak-da-skeudenn\/#breadcrumb","itemListElement":[{"@type":"ListItem","position":1,"name":"Accueil","item":"https:\/\/www.anjela.org\/oberenn\/"},{"@type":"ListItem","position":2,"name":"Drak da skeudenn"}]},{"@type":"WebSite","@id":"https:\/\/www.anjela.org\/oberenn\/#website","url":"https:\/\/www.anjela.org\/oberenn\/","name":"Anjela Duval","description":"","publisher":{"@id":"https:\/\/www.anjela.org\/oberenn\/#organization"},"potentialAction":[{"@type":"SearchAction","target":{"@type":"EntryPoint","urlTemplate":"https:\/\/www.anjela.org\/oberenn\/?s={search_term_string}"},"query-input":{"@type":"PropertyValueSpecification","valueRequired":true,"valueName":"search_term_string"}}],"inLanguage":"fr-FR"},{"@type":"Organization","@id":"https:\/\/www.anjela.org\/oberenn\/#organization","name":"Mignoned Anjela","url":"https:\/\/www.anjela.org\/oberenn\/","logo":{"@type":"ImageObject","inLanguage":"fr-FR","@id":"https:\/\/www.anjela.org\/oberenn\/#\/schema\/logo\/image\/","url":"https:\/\/www.anjela.org\/oberenn\/wp-content\/uploads\/2019\/11\/logo-mignoned-angela.png","contentUrl":"https:\/\/www.anjela.org\/oberenn\/wp-content\/uploads\/2019\/11\/logo-mignoned-angela.png","width":248,"height":147,"caption":"Mignoned Anjela"},"image":{"@id":"https:\/\/www.anjela.org\/oberenn\/#\/schema\/logo\/image\/"}},{"@type":"Person","@id":"https:\/\/www.anjela.org\/oberenn\/#\/schema\/person\/3f46341919a3b7c3ae6a0b10f114ff0c","name":"Anjela-Adm","image":{"@type":"ImageObject","inLanguage":"fr-FR","@id":"https:\/\/secure.gravatar.com\/avatar\/565733aed00fbe7269248aac9873ac3ab8fdb55026c20fd5125b560451088f34?s=96&d=mm&r=g","url":"https:\/\/secure.gravatar.com\/avatar\/565733aed00fbe7269248aac9873ac3ab8fdb55026c20fd5125b560451088f34?s=96&d=mm&r=g","contentUrl":"https:\/\/secure.gravatar.com\/avatar\/565733aed00fbe7269248aac9873ac3ab8fdb55026c20fd5125b560451088f34?s=96&d=mm&r=g","caption":"Anjela-Adm"}}]}},"_links":{"self":[{"href":"https:\/\/www.anjela.org\/oberenn\/wp-json\/wp\/v2\/posts\/503","targetHints":{"allow":["GET"]}}],"collection":[{"href":"https:\/\/www.anjela.org\/oberenn\/wp-json\/wp\/v2\/posts"}],"about":[{"href":"https:\/\/www.anjela.org\/oberenn\/wp-json\/wp\/v2\/types\/post"}],"author":[{"embeddable":true,"href":"https:\/\/www.anjela.org\/oberenn\/wp-json\/wp\/v2\/users\/1"}],"replies":[{"embeddable":true,"href":"https:\/\/www.anjela.org\/oberenn\/wp-json\/wp\/v2\/comments?post=503"}],"version-history":[{"count":0,"href":"https:\/\/www.anjela.org\/oberenn\/wp-json\/wp\/v2\/posts\/503\/revisions"}],"wp:attachment":[{"href":"https:\/\/www.anjela.org\/oberenn\/wp-json\/wp\/v2\/media?parent=503"}],"wp:term":[{"taxonomy":"category","embeddable":true,"href":"https:\/\/www.anjela.org\/oberenn\/wp-json\/wp\/v2\/categories?post=503"},{"taxonomy":"post_tag","embeddable":true,"href":"https:\/\/www.anjela.org\/oberenn\/wp-json\/wp\/v2\/tags?post=503"}],"curies":[{"name":"wp","href":"https:\/\/api.w.org\/{rel}","templated":true}]}}