{"id":495,"date":"2017-03-12T11:37:53","date_gmt":"2017-03-12T10:37:53","guid":{"rendered":"http:\/\/www.anjela.org\/oberenn\/?p=495"},"modified":"2025-08-13T15:14:26","modified_gmt":"2025-08-13T13:14:26","slug":"douar-breizh","status":"publish","type":"post","link":"https:\/\/www.anjela.org\/oberenn\/bz\/douar-breizh\/","title":{"rendered":"Douar Breizh"},"content":{"rendered":"<p>Ar maezio\u00f9 a gomz<br \/>\n            \u00ab Seblantout a ra dit eo an avel<br \/>\n            A ra din daskrena\u00f1 ha klemm !<br \/>\n            N&rsquo;eo ket an avel<br \/>\n            Nag ar bloavezhio\u00f9<br \/>\n            N&rsquo;eo ket hepken ar bloavezhio\u00f9<br \/>\n            Met an dud. Va bugale<br \/>\n            Ha bugale va bugale.<br \/>\n            Ar re-se am eus maget gant va sev<br \/>\n            Ar re-se o deus debret &lsquo;leizh o geno\u00f9<br \/>\n            Bara tomm va gwinizh<br \/>\n            Ar gwinizh-se graet gant va gwad<br \/>\n            \u2026 Ar merc&rsquo;hedigo\u00f9-se a guntuilhe<br \/>\n            Va bokidi roz-kamm, &lsquo;vel bokidi levenez<br \/>\n            Bozado\u00f9 Heol Ebrel !<br \/>\n            \u2026 Ar baotredigo\u00f9-se a rede ar<br \/>\n            girzhier, ar c&rsquo;hleuzio\u00f9<br \/>\n            A grape e barr uhela\u00f1 ar gwez<br \/>\n            Da vare an neizho\u00f9.<br \/>\n            Ar vugaligo\u00f9-se o ruilhal, o kana\u00f1<br \/>\n            O c&rsquo;hoarzhin, o kousket e geot<br \/>\n            Klouar ha frondus va frajo\u00f9<br \/>\n            D&rsquo;an nevez-ha\u00f1v<br \/>\n            \u2026 Ar vesaerien-se a galfiche<br \/>\n            O zroad skourjez em bodo\u00f9 kelenn<br \/>\n            Hag o sutello\u00f9 em bodo\u00f9-skav.<br \/>\n            Evito em eus lakaet gerio\u00f9 war<br \/>\n            veulgan pep labous<br \/>\n            Evito em eus lakaet un anv<br \/>\n            war bep bleu\u00f1venn<br \/>\n            War c&rsquo;heotenno\u00f9 ar wrimenn<br \/>\n            Ha war wez ar brouskoad.<br \/>\n            Dizoloet am eus dezho kevrin pep plantenn<br \/>\n            Evito &lsquo;oa va frouezh gouez<br \/>\n            warno blaz ar glav hag ar mel.<br \/>\n            Tommet am eus o izili munut<br \/>\n            Gant va c&rsquo;hoado\u00f9 frondus<br \/>\n            o tevi\u00f1 en oaled<br \/>\n            Evel ma tomman izili diwad<br \/>\n            ar c&rsquo;hozhiad da serr-noz e vuhez.<br \/>\n            Da amourouzien an nevez-ha\u00f1v<br \/>\n            E kinnigen va spern-gwenn<br \/>\n            Ha c&rsquo;hwezh mezvus va gwezvoud<br \/>\n            &lsquo;us d&rsquo;an hento\u00f9 don.<br \/>\n            Ha pep boud a gane :<br \/>\n            Ar yaouankiz hag al laboused<br \/>\n            Ar c&rsquo;hloc&rsquo;h ha trouz an dour<br \/>\n            An Aezhenn hag an Ed.<br \/>\n            Ha pep tra a c&rsquo;hoarzhe :<br \/>\n            An Heol hag ar Glav<br \/>\n            Ar wazed hag ar plac&rsquo;hed<br \/>\n            Hag ar gazeg-koad evel un diodez !<br \/>\n            Ha setu. Ha setu un deiz<br \/>\n            Eo tavet ar c&rsquo;han<br \/>\n            Eo tavet ar c&rsquo;hoarzh<br \/>\n            Zoken ar minc&rsquo;hoarzh.<br \/>\nUn droug kevrinus, kuzh, touellus<br \/>\nA zo &lsquo;n em silet e kalon ar re yaouank<br \/>\nUn droug deut war askell an avel<br \/>\nA guzulikas dezho mil ha mil gaou<br \/>\nEvel kel lies a zrein kontammet.<br \/>\nO komz dezho diouti<br \/>\n            Hi. Bepred Hi !<br \/>\n            Hi : K\u00ear ar skl\u00earijenn !<br \/>\nAr skl\u00earijenn touellus ha gaouiat<br \/>\nA sach hag a suilh<br \/>\nKement boud askellek<br \/>\nBalafenned ha yaouankiz her<br \/>\n            Hi : al lonkerez<br \/>\n            Hi : ar ro\u00f1flez<br \/>\nA &lsquo;n em vag gant Peizanted<br \/>\nA dramm ar gouerien<br \/>\nA laer dezho o Ene.<br \/>\nTrellet, bazhyevet, strobinellet<br \/>\nAnkounac&rsquo;haus eus an Tremened<br \/>\nAnkounac&rsquo;haus eus an Eienenn<br \/>\nAnkounac&rsquo;haus eus o Magerez<br \/>\nAet int kuit &lsquo;n ur c&rsquo;hoarzhin<br \/>\nAet int kuit &lsquo;n ur gana\u00f1<br \/>\nAet int kuit o blev en avel<br \/>\nHag o c&rsquo;halon war o dorn<br \/>\nO Ene war ribl o muzell.<br \/>\nHag ar Ro\u00f1flez diwalc&rsquo;hus<br \/>\nHe deus pasket diwar o zenerded<br \/>\nSunerez : evet he deus o gwad<br \/>\nHa distaolet o c&rsquo;horf dizanv<br \/>\nWar ar pavezio\u00f9 uzet<br \/>\nO anv troket evit un niverenn<br \/>\nO fersonelezh kemmet en ardivink<br \/>\nO redek eus ar \u00ab metro \u00bb d&rsquo;ar \u00ab bus \u00bb<br \/>\nHag eus ar \u00ab bus \u00bb d&rsquo;ar \u00ab metro \u00bb<br \/>\nBadinellet. Bouzaret. Debret.<br \/>\nGloazet. Argarzhet. Kondaonet d&rsquo;ar chadenn<br \/>\nUnnek miz war daouzek.<br \/>\nYaouankiz hor Bro ! Ha yaouankizo\u00f9 all !<br \/>\nD&rsquo;an daouzekvet miz, lod a zistro<br \/>\nHer ha balc&rsquo;h an tamm anezho<br \/>\nKarr-tan, mini-brozh, frondo\u00f9 c&rsquo;hwek<br \/>\nO vra\u00f1sigellat o boest-sonerezh.<br \/>\nLod a zistro ? Tremen a reont nemetken\u2026<br \/>\nDa saludi\u00f1 o re gozh.<br \/>\nAr re gozh stag ouzh o zachenn<br \/>\nNa guitafont nemet evit Eben.<br \/>\nAn dachenn all ouzh skeud ar c&rsquo;hloc&rsquo;hdi<br \/>\nAn dachenn plantet a groazio\u00f9 koad<br \/>\nPe a groazio\u00f9 mein-benet.<br \/>\nAr re-se zo din da viken<br \/>\nHoll o deus roet din kement tra :<br \/>\nO divrec&rsquo;h hag o c&rsquo;halon<br \/>\nO Levenez hag o daero\u00f9<br \/>\nD&rsquo;ar re-se &lsquo;vezin dous ha ska\u00f1v<br \/>\nDa zeiz an Unvanidigezh veur<br \/>\nHogen, pa yud an avel d&rsquo;an nozio\u00f9 goa\u00f1v<br \/>\nE veskan va daero\u00f9 gant e vouezh<br \/>\nDa c&rsquo;hervel va bugale disuj<br \/>\nA-bouez gerio\u00f9 graet a zifronkadenno\u00f9<br \/>\nGouela\u00f1 &lsquo;ran war va lannegi<br \/>\nO lann kaledet, o raden flastret<br \/>\nO drez o wriat ar spern-du<br \/>\nPa dav tousmac&rsquo;h ar c&rsquo;hezeg dir<br \/>\nDouret gant gwelien flaerius.<br \/>\n\u2026 Pelec&rsquo;h eo aet va c&rsquo;hezeg kent ?<br \/>\nVa c&rsquo;hezekenned o gwad bervet.<br \/>\n\u2014 Maget gant lann pilet<br \/>\nVa lannegi brokus \u2014<br \/>\nA drenie an tumporello\u00f9 pounner<br \/>\nPe a drote war ar gweturio\u00f9 ska\u00f1v<br \/>\nNag e karen klevout stlak ar skourjez<br \/>\nHa dasson ar falc&rsquo;h dindan an higolenn<br \/>\nGolvizhi ar c&rsquo;hannerezed<br \/>\nBoto\u00f9-koad tachet ar vugale<br \/>\nWar hento\u00f9 ar skol.<br \/>\nUr c&rsquo;hloc&rsquo;h a di\u00f1s atav<br \/>\nHogen ha\u00f1val eus glaz ar marv.<br \/>\nPa gouezh eus an tour kozh<br \/>\nA\u00f1jeluz ar serr-noz<br \/>\nEn notenno\u00f9 gorrek ha mouget o mouezh gwanaet er brum,<br \/>\nBrevet en em daolan da hun,<br \/>\nPaket em mantell spoue ha delio\u00f9 sec&rsquo;h.<br \/>\nNeuze etre divrec&rsquo;h Doueez ar c&rsquo;housk<br \/>\nE kantrean em Amzer dremenet<br \/>\nEr mareado\u00f9 kre\u00f1v eus va Istor<br \/>\nEm hunvre e welan va Harozed<br \/>\nRe ar mojenno\u00f9 ha re an Hanez :<br \/>\nArzhur. Nevenoe. Tostoc&rsquo;h Kadoudal<br \/>\nAr Barzh meur : Marzhin e Delenn aour.<br \/>\nListri teirgwern. Rederien-vor<br \/>\nSent hag Ebed<br \/>\nMenec&rsquo;h difraosterien ha tisaverien<br \/>\nBrezelourien direbech<br \/>\nArzourien. Kizellerien tourio\u00f9 dantelezh.<br \/>\n\u2026 Tromenio\u00f9 Sent.<br \/>\nKestell-kre\u00f1v. Manerio\u00f9<br \/>\nMarc&rsquo;heien diniver<br \/>\nO komz dre lorc&rsquo;h yezh Keltia !<br \/>\nEuredo\u00f9 ambrouget<br \/>\nGant bombard ha binio\u00f9.<br \/>\nHa tantado\u00f9 Gouel Yann,<br \/>\nO treistskl\u00earijenni\u00f1 an noz.<br \/>\nGwelout a ran va Dugez<br \/>\nEn he mantell erminiget<br \/>\nAnna Vreizh. Anna fur<br \/>\nAn Dugez vat o &lsquo;n em deurel<br \/>\nE gouzoug ar Bleiz a-benn div wech<br \/>\nEvit savetei\u00f1 he sujidi<br \/>\nHa bet e vezo aner hec&rsquo;h aberzh ?<br \/>\nHa bet &lsquo;vezo aner kantaberzh<br \/>\nSoudarded pevarzek ?<br \/>\nHag aner merzherenti Boscher, Perrot,<br \/>\nJasson hag ar re all ?<br \/>\nAr pikernio\u00f9 denelezh-se !<br \/>\nHa ven e vefe bet o abeg beza\u00f1 ?<br \/>\nAn diazez a zo o frailha\u00f1 e pep lec&rsquo;h<br \/>\nVa mibien \u2014 ha muioc&rsquo;h va merc&rsquo;hed \u2014<br \/>\nA dro kein da zouar o Hendado\u00f9<br \/>\nKerzhout a reont trema Hi : ar Ga\u00f1valez<br \/>\nHi, va c&rsquo;hevezerez milliget\u2026<br \/>\n\u2026 Trei\u00f1 a ra va hun da wallhunvre<br \/>\nDihun&rsquo; a ran &lsquo;n ur gourlamm<br \/>\nMa ! An Heol zo savet &lsquo;us d&rsquo;ar run<br \/>\nKlouar eo ar c&rsquo;hinvi frondus<br \/>\nHa\u2026 raksantout &lsquo;ran ur veza\u00f1s.<br \/>\nKomzet &lsquo;m eus &lsquo;micha\u00f1s dre va c&rsquo;housk<br \/>\nUnan bennak en defe va c&rsquo;hlevet ?<br \/>\nKlevout a ran ar raden o trouzal<br \/>\nMarteze ur bigrier beureel ?<br \/>\n\u2014 Bigrier ? Naren. Me eo ! Douar a garan !<br \/>\nEdon ouzh da selaou, un nebeudig zo<br \/>\nHa truez &lsquo;m eus diouzh da c&rsquo;hlac&rsquo;har,<br \/>\nDa gavout a ran direizh, nebaon<br \/>\n\u2014 Ha\u00f1val ouzh ar re a c&rsquo;houza\u00f1v kalz \u2014<br \/>\nRak da Ouenn n&rsquo;eo ket aet da get,<br \/>\nAr Ouenn Gelt zo divarvel !<br \/>\nYa, me &lsquo;oar, tec&rsquo;het int<br \/>\nAr re-se o doa ur galon strizh<br \/>\n\u2014 Ur galon enk a implijad izel \u2014<br \/>\nHogen chom a ra ganit ar re wella\u00f1.<br \/>\nAr reo\u00f9 c&rsquo;hlan, ne redont ket<br \/>\nWar-lerc&rsquo;h an arc&rsquo;hant, nag an Enor<br \/>\nNag ar plijadurezhio\u00f9<br \/>\nChom a ra ganit da Garidi<br \/>\nLod a lavar int tudigo\u00f9<br \/>\nMe a lavar int meurdud !<br \/>\nN&rsquo;eo ket ret &lsquo;vefent ar brasniver<br \/>\nPep hini outo a dalv kant, ha mil.<br \/>\nHag ouzhpenn. Int eo ar goell<br \/>\nA laka an toaz en go.<br \/>\nEma\u00f1 an amzer oc&rsquo;h oberia\u00f1 evidout<br \/>\nNe glevez ket dija du-hont<br \/>\nE menezio\u00f9 Kerne<br \/>\nKu\u00f1v ha kre\u00f1v war un dro<br \/>\nAn Delenn o tregerni\u00f1 gant sonio\u00f9 nevez<br \/>\nNotenno\u00f9 ranngalonus<br \/>\nO c&rsquo;hervel d&rsquo;ar stourm ?<br \/>\nGlanndour. Glenmor. Stivell<br \/>\nHa re all : Barzhed. Sonaozourien<br \/>\nO treuskas ar flammerenn<br \/>\n&lsquo;N ur c&rsquo;hwezha\u00f1 war he flamm.<br \/>\nHa gwalenn-gein Arvorig kozh<br \/>\nA dregern gant o lavar, a skrij gant terzhienn<br \/>\nA garnat dihabask, a wink dindan ar yev<br \/>\nHag an heklev a gas du-hont<br \/>\nEn tu all d&rsquo;ar mor don<br \/>\nKan an Delenn hag ar gitar<br \/>\nO son Karantez Keltia<br \/>\nKarantez douar Breizh hor Bro.<br \/>\nEma\u00f1 ar Beure o tarzha\u00f1 !<br \/>\nTost eo an Eur hag an Amzer.<br \/>\nMa stlako &lsquo;r Gwenn-ha-du<br \/>\nEn k\u00ear ha war ar maez<br \/>\nMa savo a bep tu<br \/>\nUr c&rsquo;han a Levenez.<br \/>\n            D&rsquo;ar Beure-Meur \u2014 echu da hun \u2014<br \/>\n            E klevi Bombard ha binio\u00f9<br \/>\n            O son an Trec&rsquo;h war lein ar run<br \/>\n            Ma trido Ene hon Tado\u00f9<br \/>\n            Dorn-ha-dorn gant Breudeur<br \/>\n            Kembre ha Kerne-Veur<br \/>\n            Kendirvi Iwerzhon<br \/>\n            Alba hag Enez Von<br \/>\n            Kevinianted Galikaia<br \/>\nSeizh Bro !<br \/>\n                        Un Ene !<br \/>\n                                   Keltia ! \u00bb<\/p>\n<p>Trao\u00f1-an-Dour, 18 a viz C&rsquo;hwevrer 1970<\/p>\n","protected":false},"excerpt":{"rendered":"<p>Ar maezio\u00f9 a gomz \u00ab Seblantout a ra dit eo an avel A ra din daskrena\u00f1 ha klemm ! N&rsquo;eo ket an [&hellip;]<\/p>\n","protected":false},"author":1,"featured_media":0,"comment_status":"closed","ping_status":"open","sticky":false,"template":"","format":"standard","meta":{"_acf_changed":false,"ngg_post_thumbnail":0,"footnotes":""},"categories":[86,88],"tags":[],"class_list":["post-495","post","type-post","status-publish","format-standard","hentry","category-poemes-bz-cy","category-cahiers-bz-cy"],"acf":[],"yoast_head":"<!-- This site is optimized with the Yoast SEO plugin v27.5 - https:\/\/yoast.com\/product\/yoast-seo-wordpress\/ -->\n<title>Douar Breizh - Anjela Duval<\/title>\n<meta name=\"robots\" content=\"index, follow, max-snippet:-1, max-image-preview:large, max-video-preview:-1\" \/>\n<link rel=\"canonical\" href=\"https:\/\/www.anjela.org\/oberenn\/bz\/douar-breizh\/\" \/>\n<meta property=\"og:locale\" content=\"fr_FR\" \/>\n<meta property=\"og:type\" content=\"article\" \/>\n<meta property=\"og:title\" content=\"Douar Breizh - Anjela Duval\" \/>\n<meta property=\"og:description\" content=\"Ar maezio\u00f9 a gomz \u00ab Seblantout a ra dit eo an avel A ra din daskrena\u00f1 ha klemm ! N&rsquo;eo ket an [&hellip;]\" \/>\n<meta property=\"og:url\" content=\"https:\/\/www.anjela.org\/oberenn\/bz\/douar-breizh\/\" \/>\n<meta property=\"og:site_name\" content=\"Anjela Duval\" \/>\n<meta property=\"article:published_time\" content=\"2017-03-12T10:37:53+00:00\" \/>\n<meta property=\"article:modified_time\" content=\"2025-08-13T13:14:26+00:00\" \/>\n<meta name=\"author\" content=\"Anjela-Adm\" \/>\n<meta name=\"twitter:card\" content=\"summary_large_image\" \/>\n<meta name=\"twitter:label1\" content=\"\u00c9crit par\" \/>\n\t<meta name=\"twitter:data1\" content=\"Anjela-Adm\" \/>\n\t<meta name=\"twitter:label2\" content=\"Dur\u00e9e de lecture estim\u00e9e\" \/>\n\t<meta name=\"twitter:data2\" content=\"6 minutes\" \/>\n<script type=\"application\/ld+json\" class=\"yoast-schema-graph\">{\"@context\":\"https:\\\/\\\/schema.org\",\"@graph\":[{\"@type\":\"Article\",\"@id\":\"https:\\\/\\\/www.anjela.org\\\/oberenn\\\/bz\\\/douar-breizh\\\/#article\",\"isPartOf\":{\"@id\":\"https:\\\/\\\/www.anjela.org\\\/oberenn\\\/bz\\\/douar-breizh\\\/\"},\"author\":{\"name\":\"Anjela-Adm\",\"@id\":\"https:\\\/\\\/www.anjela.org\\\/oberenn\\\/#\\\/schema\\\/person\\\/3f46341919a3b7c3ae6a0b10f114ff0c\"},\"headline\":\"Douar Breizh\",\"datePublished\":\"2017-03-12T10:37:53+00:00\",\"dateModified\":\"2025-08-13T13:14:26+00:00\",\"mainEntityOfPage\":{\"@id\":\"https:\\\/\\\/www.anjela.org\\\/oberenn\\\/bz\\\/douar-breizh\\\/\"},\"wordCount\":1377,\"publisher\":{\"@id\":\"https:\\\/\\\/www.anjela.org\\\/oberenn\\\/#organization\"},\"articleSection\":[\"Barzhonego\u00f9\",\"Diwar kaiero\u00f9 ar varzhez\"],\"inLanguage\":\"fr-FR\"},{\"@type\":\"WebPage\",\"@id\":\"https:\\\/\\\/www.anjela.org\\\/oberenn\\\/bz\\\/douar-breizh\\\/\",\"url\":\"https:\\\/\\\/www.anjela.org\\\/oberenn\\\/bz\\\/douar-breizh\\\/\",\"name\":\"Douar Breizh - Anjela Duval\",\"isPartOf\":{\"@id\":\"https:\\\/\\\/www.anjela.org\\\/oberenn\\\/#website\"},\"datePublished\":\"2017-03-12T10:37:53+00:00\",\"dateModified\":\"2025-08-13T13:14:26+00:00\",\"breadcrumb\":{\"@id\":\"https:\\\/\\\/www.anjela.org\\\/oberenn\\\/bz\\\/douar-breizh\\\/#breadcrumb\"},\"inLanguage\":\"fr-FR\",\"potentialAction\":[{\"@type\":\"ReadAction\",\"target\":[\"https:\\\/\\\/www.anjela.org\\\/oberenn\\\/bz\\\/douar-breizh\\\/\"]}]},{\"@type\":\"BreadcrumbList\",\"@id\":\"https:\\\/\\\/www.anjela.org\\\/oberenn\\\/bz\\\/douar-breizh\\\/#breadcrumb\",\"itemListElement\":[{\"@type\":\"ListItem\",\"position\":1,\"name\":\"Accueil\",\"item\":\"https:\\\/\\\/www.anjela.org\\\/oberenn\\\/\"},{\"@type\":\"ListItem\",\"position\":2,\"name\":\"Douar Breizh\"}]},{\"@type\":\"WebSite\",\"@id\":\"https:\\\/\\\/www.anjela.org\\\/oberenn\\\/#website\",\"url\":\"https:\\\/\\\/www.anjela.org\\\/oberenn\\\/\",\"name\":\"Anjela Duval\",\"description\":\"\",\"publisher\":{\"@id\":\"https:\\\/\\\/www.anjela.org\\\/oberenn\\\/#organization\"},\"potentialAction\":[{\"@type\":\"SearchAction\",\"target\":{\"@type\":\"EntryPoint\",\"urlTemplate\":\"https:\\\/\\\/www.anjela.org\\\/oberenn\\\/?s={search_term_string}\"},\"query-input\":{\"@type\":\"PropertyValueSpecification\",\"valueRequired\":true,\"valueName\":\"search_term_string\"}}],\"inLanguage\":\"fr-FR\"},{\"@type\":\"Organization\",\"@id\":\"https:\\\/\\\/www.anjela.org\\\/oberenn\\\/#organization\",\"name\":\"Mignoned Anjela\",\"url\":\"https:\\\/\\\/www.anjela.org\\\/oberenn\\\/\",\"logo\":{\"@type\":\"ImageObject\",\"inLanguage\":\"fr-FR\",\"@id\":\"https:\\\/\\\/www.anjela.org\\\/oberenn\\\/#\\\/schema\\\/logo\\\/image\\\/\",\"url\":\"https:\\\/\\\/www.anjela.org\\\/oberenn\\\/wp-content\\\/uploads\\\/2019\\\/11\\\/logo-mignoned-angela.png\",\"contentUrl\":\"https:\\\/\\\/www.anjela.org\\\/oberenn\\\/wp-content\\\/uploads\\\/2019\\\/11\\\/logo-mignoned-angela.png\",\"width\":248,\"height\":147,\"caption\":\"Mignoned Anjela\"},\"image\":{\"@id\":\"https:\\\/\\\/www.anjela.org\\\/oberenn\\\/#\\\/schema\\\/logo\\\/image\\\/\"}},{\"@type\":\"Person\",\"@id\":\"https:\\\/\\\/www.anjela.org\\\/oberenn\\\/#\\\/schema\\\/person\\\/3f46341919a3b7c3ae6a0b10f114ff0c\",\"name\":\"Anjela-Adm\",\"image\":{\"@type\":\"ImageObject\",\"inLanguage\":\"fr-FR\",\"@id\":\"https:\\\/\\\/secure.gravatar.com\\\/avatar\\\/565733aed00fbe7269248aac9873ac3ab8fdb55026c20fd5125b560451088f34?s=96&d=mm&r=g\",\"url\":\"https:\\\/\\\/secure.gravatar.com\\\/avatar\\\/565733aed00fbe7269248aac9873ac3ab8fdb55026c20fd5125b560451088f34?s=96&d=mm&r=g\",\"contentUrl\":\"https:\\\/\\\/secure.gravatar.com\\\/avatar\\\/565733aed00fbe7269248aac9873ac3ab8fdb55026c20fd5125b560451088f34?s=96&d=mm&r=g\",\"caption\":\"Anjela-Adm\"}}]}<\/script>\n<!-- \/ Yoast SEO plugin. -->","yoast_head_json":{"title":"Douar Breizh - Anjela Duval","robots":{"index":"index","follow":"follow","max-snippet":"max-snippet:-1","max-image-preview":"max-image-preview:large","max-video-preview":"max-video-preview:-1"},"canonical":"https:\/\/www.anjela.org\/oberenn\/bz\/douar-breizh\/","og_locale":"fr_FR","og_type":"article","og_title":"Douar Breizh - Anjela Duval","og_description":"Ar maezio\u00f9 a gomz \u00ab Seblantout a ra dit eo an avel A ra din daskrena\u00f1 ha klemm ! N&rsquo;eo ket an [&hellip;]","og_url":"https:\/\/www.anjela.org\/oberenn\/bz\/douar-breizh\/","og_site_name":"Anjela Duval","article_published_time":"2017-03-12T10:37:53+00:00","article_modified_time":"2025-08-13T13:14:26+00:00","author":"Anjela-Adm","twitter_card":"summary_large_image","twitter_misc":{"\u00c9crit par":"Anjela-Adm","Dur\u00e9e de lecture estim\u00e9e":"6 minutes"},"schema":{"@context":"https:\/\/schema.org","@graph":[{"@type":"Article","@id":"https:\/\/www.anjela.org\/oberenn\/bz\/douar-breizh\/#article","isPartOf":{"@id":"https:\/\/www.anjela.org\/oberenn\/bz\/douar-breizh\/"},"author":{"name":"Anjela-Adm","@id":"https:\/\/www.anjela.org\/oberenn\/#\/schema\/person\/3f46341919a3b7c3ae6a0b10f114ff0c"},"headline":"Douar Breizh","datePublished":"2017-03-12T10:37:53+00:00","dateModified":"2025-08-13T13:14:26+00:00","mainEntityOfPage":{"@id":"https:\/\/www.anjela.org\/oberenn\/bz\/douar-breizh\/"},"wordCount":1377,"publisher":{"@id":"https:\/\/www.anjela.org\/oberenn\/#organization"},"articleSection":["Barzhonego\u00f9","Diwar kaiero\u00f9 ar varzhez"],"inLanguage":"fr-FR"},{"@type":"WebPage","@id":"https:\/\/www.anjela.org\/oberenn\/bz\/douar-breizh\/","url":"https:\/\/www.anjela.org\/oberenn\/bz\/douar-breizh\/","name":"Douar Breizh - Anjela Duval","isPartOf":{"@id":"https:\/\/www.anjela.org\/oberenn\/#website"},"datePublished":"2017-03-12T10:37:53+00:00","dateModified":"2025-08-13T13:14:26+00:00","breadcrumb":{"@id":"https:\/\/www.anjela.org\/oberenn\/bz\/douar-breizh\/#breadcrumb"},"inLanguage":"fr-FR","potentialAction":[{"@type":"ReadAction","target":["https:\/\/www.anjela.org\/oberenn\/bz\/douar-breizh\/"]}]},{"@type":"BreadcrumbList","@id":"https:\/\/www.anjela.org\/oberenn\/bz\/douar-breizh\/#breadcrumb","itemListElement":[{"@type":"ListItem","position":1,"name":"Accueil","item":"https:\/\/www.anjela.org\/oberenn\/"},{"@type":"ListItem","position":2,"name":"Douar Breizh"}]},{"@type":"WebSite","@id":"https:\/\/www.anjela.org\/oberenn\/#website","url":"https:\/\/www.anjela.org\/oberenn\/","name":"Anjela Duval","description":"","publisher":{"@id":"https:\/\/www.anjela.org\/oberenn\/#organization"},"potentialAction":[{"@type":"SearchAction","target":{"@type":"EntryPoint","urlTemplate":"https:\/\/www.anjela.org\/oberenn\/?s={search_term_string}"},"query-input":{"@type":"PropertyValueSpecification","valueRequired":true,"valueName":"search_term_string"}}],"inLanguage":"fr-FR"},{"@type":"Organization","@id":"https:\/\/www.anjela.org\/oberenn\/#organization","name":"Mignoned Anjela","url":"https:\/\/www.anjela.org\/oberenn\/","logo":{"@type":"ImageObject","inLanguage":"fr-FR","@id":"https:\/\/www.anjela.org\/oberenn\/#\/schema\/logo\/image\/","url":"https:\/\/www.anjela.org\/oberenn\/wp-content\/uploads\/2019\/11\/logo-mignoned-angela.png","contentUrl":"https:\/\/www.anjela.org\/oberenn\/wp-content\/uploads\/2019\/11\/logo-mignoned-angela.png","width":248,"height":147,"caption":"Mignoned Anjela"},"image":{"@id":"https:\/\/www.anjela.org\/oberenn\/#\/schema\/logo\/image\/"}},{"@type":"Person","@id":"https:\/\/www.anjela.org\/oberenn\/#\/schema\/person\/3f46341919a3b7c3ae6a0b10f114ff0c","name":"Anjela-Adm","image":{"@type":"ImageObject","inLanguage":"fr-FR","@id":"https:\/\/secure.gravatar.com\/avatar\/565733aed00fbe7269248aac9873ac3ab8fdb55026c20fd5125b560451088f34?s=96&d=mm&r=g","url":"https:\/\/secure.gravatar.com\/avatar\/565733aed00fbe7269248aac9873ac3ab8fdb55026c20fd5125b560451088f34?s=96&d=mm&r=g","contentUrl":"https:\/\/secure.gravatar.com\/avatar\/565733aed00fbe7269248aac9873ac3ab8fdb55026c20fd5125b560451088f34?s=96&d=mm&r=g","caption":"Anjela-Adm"}}]}},"_links":{"self":[{"href":"https:\/\/www.anjela.org\/oberenn\/wp-json\/wp\/v2\/posts\/495","targetHints":{"allow":["GET"]}}],"collection":[{"href":"https:\/\/www.anjela.org\/oberenn\/wp-json\/wp\/v2\/posts"}],"about":[{"href":"https:\/\/www.anjela.org\/oberenn\/wp-json\/wp\/v2\/types\/post"}],"author":[{"embeddable":true,"href":"https:\/\/www.anjela.org\/oberenn\/wp-json\/wp\/v2\/users\/1"}],"replies":[{"embeddable":true,"href":"https:\/\/www.anjela.org\/oberenn\/wp-json\/wp\/v2\/comments?post=495"}],"version-history":[{"count":0,"href":"https:\/\/www.anjela.org\/oberenn\/wp-json\/wp\/v2\/posts\/495\/revisions"}],"wp:attachment":[{"href":"https:\/\/www.anjela.org\/oberenn\/wp-json\/wp\/v2\/media?parent=495"}],"wp:term":[{"taxonomy":"category","embeddable":true,"href":"https:\/\/www.anjela.org\/oberenn\/wp-json\/wp\/v2\/categories?post=495"},{"taxonomy":"post_tag","embeddable":true,"href":"https:\/\/www.anjela.org\/oberenn\/wp-json\/wp\/v2\/tags?post=495"}],"curies":[{"name":"wp","href":"https:\/\/api.w.org\/{rel}","templated":true}]}}