{"id":2618,"date":"2017-10-23T16:36:39","date_gmt":"2017-10-23T14:36:39","guid":{"rendered":"http:\/\/www.anjela.org\/oberenn\/?p=2618"},"modified":"2019-08-22T17:46:57","modified_gmt":"2019-08-22T15:46:57","slug":"reedition-de-loeuvre-complete-danjela-duval","status":"publish","type":"post","link":"https:\/\/www.anjela.org\/oberenn\/reedition-de-loeuvre-complete-danjela-duval\/","title":{"rendered":"R\u00e9\u00e9dition de l\u2019\u0153uvre compl\u00e8te d\u2019Anjela Duval"},"content":{"rendered":"<h2>Une \u00e9dition unique en son genre<\/h2>\n<p><em>Oberenn glok Anjela Duval<\/em> est <strong>la premi\u00e8re \u2013 et la seule \u2013 \u0153uvre compl\u00e8te d&rsquo;un \u00e9crivain de langue bretonne<\/strong> \u00e0 avoir \u00e9t\u00e9 publi\u00e9e \u00e0 ce jour. \u00c9dit\u00e9 une premi\u00e8re fois en 1999 \u00e0 1 000 exemplaires, l&rsquo;ouvrage avait \u00e9t\u00e9 unanimement salu\u00e9 par la critique. Il avait valu \u00e0 l&rsquo;association Mignoned Anjela d&rsquo;\u00eatre couronn\u00e9e \u201cbretonnant de l&rsquo;ann\u00e9e 2000\u201d par le jury de l&rsquo;\u00e9mission de France 3 Ouest \u00ab\u00a0Du-ma\u00f1 du-se\u00a0\u00bb. Et surtout, l&rsquo;\u0153uvre de la po\u00e9tesse de Trao\u00f1-an-Dour avait rencontr\u00e9 un vaste public. La demande pour cet ouvrage, \u00e9puis\u00e9 en quelques mois et devenu introuvable, \u00e9tait forte ; il est r\u00e9\u00e9dit\u00e9 en 2005, ann\u00e9e du centenaire de la naissance d&rsquo;Anjela Duval.&nbsp;<\/p>\n<p>L&rsquo;ouvrage r\u00e9unit en un seul volume tous les \u00e9crits d&rsquo;Anjela Duval en provenance de <strong>quatorze livres, d&rsquo;une centaine de revues et de manuscrits in\u00e9dits.<\/strong> Le tout est accompagn\u00e9 de plus de <strong>deux cents photos,<\/strong> de vingt articles de fond r\u00e9dig\u00e9s par les amis ou les sp\u00e9cialistes de la po\u00e9tesse, d&rsquo;une trentaine de traductions en diverses langues \u00e9trang\u00e8res, de nombreuses notes explicatives, de deux index, d&rsquo;une bibliographie, etc. Soit un total de 1 288 pages de texte et de 48 pages de photos, mis en vente au prix de 58 euros.&nbsp;<\/p>\n<p>La deuxi\u00e8me \u00e9dition de l&rsquo;<em>Oberenn glok<\/em> comporte peu de modifications par rapport \u00e0 l&rsquo;\u00e9dition originale. Quelques erreurs ont \u00e9t\u00e9 corrig\u00e9es et l&rsquo;\u00e9ventail des traductions en langues \u00e9trang\u00e8res a \u00e9t\u00e9 \u00e9tendu, passant de vingt-neuf traductions en cinq langues \u00e0<strong> trente-quatre traductions en neuf langues<\/strong> (dont le polonais, le vietnamien, le galicien, etc.).<\/p>\n<p><em>2005<\/em><\/p>\n<p><span style=\"font-size: 14pt;\"><strong><img fetchpriority=\"high\" decoding=\"async\" class=\" wp-image-4359 aligncenter\" src=\"http:\/\/www.anjela.org\/oberenn\/wp-content\/uploads\/2018\/06\/thumb-oberenn-glok-300x262.png\" alt=\"Oberenn glok Anjela Duval\" width=\"361\" height=\"297\"><\/strong><\/span><\/p>\n","protected":false},"excerpt":{"rendered":"<p>Une \u00e9dition unique en son genre Oberenn glok Anjela Duval est la premi\u00e8re \u2013 et la seule \u2013 \u0153uvre compl\u00e8te d&rsquo;un \u00e9crivain [&hellip;]<\/p>\n","protected":false},"author":1,"featured_media":0,"comment_status":"closed","ping_status":"open","sticky":false,"template":"","format":"standard","meta":{"_acf_changed":false,"ngg_post_thumbnail":0,"footnotes":""},"categories":[1],"tags":[],"class_list":["post-2618","post","type-post","status-publish","format-standard","hentry","category-actualites"],"acf":[],"yoast_head":"<!-- This site is optimized with the Yoast SEO plugin v27.5 - https:\/\/yoast.com\/product\/yoast-seo-wordpress\/ -->\n<title>R\u00e9\u00e9dition de l\u2019\u0153uvre compl\u00e8te d\u2019Anjela Duval - Anjela Duval<\/title>\n<meta name=\"robots\" content=\"index, follow, max-snippet:-1, max-image-preview:large, max-video-preview:-1\" \/>\n<link rel=\"canonical\" href=\"https:\/\/www.anjela.org\/oberenn\/reedition-de-loeuvre-complete-danjela-duval\/\" \/>\n<meta property=\"og:locale\" content=\"fr_FR\" \/>\n<meta property=\"og:type\" content=\"article\" \/>\n<meta property=\"og:title\" content=\"R\u00e9\u00e9dition de l\u2019\u0153uvre compl\u00e8te d\u2019Anjela Duval - Anjela Duval\" \/>\n<meta property=\"og:description\" content=\"Une \u00e9dition unique en son genre Oberenn glok Anjela Duval est la premi\u00e8re \u2013 et la seule \u2013 \u0153uvre compl\u00e8te d&rsquo;un \u00e9crivain [&hellip;]\" \/>\n<meta property=\"og:url\" content=\"https:\/\/www.anjela.org\/oberenn\/reedition-de-loeuvre-complete-danjela-duval\/\" \/>\n<meta property=\"og:site_name\" content=\"Anjela Duval\" \/>\n<meta property=\"article:published_time\" content=\"2017-10-23T14:36:39+00:00\" \/>\n<meta property=\"article:modified_time\" content=\"2019-08-22T15:46:57+00:00\" \/>\n<meta property=\"og:image\" content=\"http:\/\/www.anjela.org\/oberenn\/wp-content\/uploads\/2018\/06\/thumb-oberenn-glok-300x262.png\" \/>\n<meta name=\"author\" content=\"Anjela-Adm\" \/>\n<meta name=\"twitter:card\" content=\"summary_large_image\" \/>\n<meta name=\"twitter:label1\" content=\"\u00c9crit par\" \/>\n\t<meta name=\"twitter:data1\" content=\"Anjela-Adm\" \/>\n\t<meta name=\"twitter:label2\" content=\"Dur\u00e9e de lecture estim\u00e9e\" \/>\n\t<meta name=\"twitter:data2\" content=\"1 minute\" \/>\n<script type=\"application\/ld+json\" class=\"yoast-schema-graph\">{\"@context\":\"https:\\\/\\\/schema.org\",\"@graph\":[{\"@type\":\"Article\",\"@id\":\"https:\\\/\\\/www.anjela.org\\\/oberenn\\\/reedition-de-loeuvre-complete-danjela-duval\\\/#article\",\"isPartOf\":{\"@id\":\"https:\\\/\\\/www.anjela.org\\\/oberenn\\\/reedition-de-loeuvre-complete-danjela-duval\\\/\"},\"author\":{\"name\":\"Anjela-Adm\",\"@id\":\"https:\\\/\\\/www.anjela.org\\\/oberenn\\\/#\\\/schema\\\/person\\\/3f46341919a3b7c3ae6a0b10f114ff0c\"},\"headline\":\"R\u00e9\u00e9dition de l\u2019\u0153uvre compl\u00e8te d\u2019Anjela Duval\",\"datePublished\":\"2017-10-23T14:36:39+00:00\",\"dateModified\":\"2019-08-22T15:46:57+00:00\",\"mainEntityOfPage\":{\"@id\":\"https:\\\/\\\/www.anjela.org\\\/oberenn\\\/reedition-de-loeuvre-complete-danjela-duval\\\/\"},\"wordCount\":285,\"publisher\":{\"@id\":\"https:\\\/\\\/www.anjela.org\\\/oberenn\\\/#organization\"},\"image\":{\"@id\":\"https:\\\/\\\/www.anjela.org\\\/oberenn\\\/reedition-de-loeuvre-complete-danjela-duval\\\/#primaryimage\"},\"thumbnailUrl\":\"http:\\\/\\\/www.anjela.org\\\/oberenn\\\/wp-content\\\/uploads\\\/2018\\\/06\\\/thumb-oberenn-glok-300x262.png\",\"articleSection\":[\"Actualit\u00e9s\"],\"inLanguage\":\"fr-FR\"},{\"@type\":\"WebPage\",\"@id\":\"https:\\\/\\\/www.anjela.org\\\/oberenn\\\/reedition-de-loeuvre-complete-danjela-duval\\\/\",\"url\":\"https:\\\/\\\/www.anjela.org\\\/oberenn\\\/reedition-de-loeuvre-complete-danjela-duval\\\/\",\"name\":\"R\u00e9\u00e9dition de l\u2019\u0153uvre compl\u00e8te d\u2019Anjela Duval - Anjela Duval\",\"isPartOf\":{\"@id\":\"https:\\\/\\\/www.anjela.org\\\/oberenn\\\/#website\"},\"primaryImageOfPage\":{\"@id\":\"https:\\\/\\\/www.anjela.org\\\/oberenn\\\/reedition-de-loeuvre-complete-danjela-duval\\\/#primaryimage\"},\"image\":{\"@id\":\"https:\\\/\\\/www.anjela.org\\\/oberenn\\\/reedition-de-loeuvre-complete-danjela-duval\\\/#primaryimage\"},\"thumbnailUrl\":\"http:\\\/\\\/www.anjela.org\\\/oberenn\\\/wp-content\\\/uploads\\\/2018\\\/06\\\/thumb-oberenn-glok-300x262.png\",\"datePublished\":\"2017-10-23T14:36:39+00:00\",\"dateModified\":\"2019-08-22T15:46:57+00:00\",\"breadcrumb\":{\"@id\":\"https:\\\/\\\/www.anjela.org\\\/oberenn\\\/reedition-de-loeuvre-complete-danjela-duval\\\/#breadcrumb\"},\"inLanguage\":\"fr-FR\",\"potentialAction\":[{\"@type\":\"ReadAction\",\"target\":[\"https:\\\/\\\/www.anjela.org\\\/oberenn\\\/reedition-de-loeuvre-complete-danjela-duval\\\/\"]}]},{\"@type\":\"ImageObject\",\"inLanguage\":\"fr-FR\",\"@id\":\"https:\\\/\\\/www.anjela.org\\\/oberenn\\\/reedition-de-loeuvre-complete-danjela-duval\\\/#primaryimage\",\"url\":\"https:\\\/\\\/www.anjela.org\\\/oberenn\\\/wp-content\\\/uploads\\\/2018\\\/06\\\/thumb-oberenn-glok.png\",\"contentUrl\":\"https:\\\/\\\/www.anjela.org\\\/oberenn\\\/wp-content\\\/uploads\\\/2018\\\/06\\\/thumb-oberenn-glok.png\",\"width\":1772,\"height\":1548,\"caption\":\"Oberenn glok Anjela Duval\"},{\"@type\":\"BreadcrumbList\",\"@id\":\"https:\\\/\\\/www.anjela.org\\\/oberenn\\\/reedition-de-loeuvre-complete-danjela-duval\\\/#breadcrumb\",\"itemListElement\":[{\"@type\":\"ListItem\",\"position\":1,\"name\":\"Accueil\",\"item\":\"https:\\\/\\\/www.anjela.org\\\/oberenn\\\/\"},{\"@type\":\"ListItem\",\"position\":2,\"name\":\"R\u00e9\u00e9dition de l\u2019\u0153uvre compl\u00e8te d\u2019Anjela Duval\"}]},{\"@type\":\"WebSite\",\"@id\":\"https:\\\/\\\/www.anjela.org\\\/oberenn\\\/#website\",\"url\":\"https:\\\/\\\/www.anjela.org\\\/oberenn\\\/\",\"name\":\"Anjela Duval\",\"description\":\"\",\"publisher\":{\"@id\":\"https:\\\/\\\/www.anjela.org\\\/oberenn\\\/#organization\"},\"potentialAction\":[{\"@type\":\"SearchAction\",\"target\":{\"@type\":\"EntryPoint\",\"urlTemplate\":\"https:\\\/\\\/www.anjela.org\\\/oberenn\\\/?s={search_term_string}\"},\"query-input\":{\"@type\":\"PropertyValueSpecification\",\"valueRequired\":true,\"valueName\":\"search_term_string\"}}],\"inLanguage\":\"fr-FR\"},{\"@type\":\"Organization\",\"@id\":\"https:\\\/\\\/www.anjela.org\\\/oberenn\\\/#organization\",\"name\":\"Mignoned Anjela\",\"url\":\"https:\\\/\\\/www.anjela.org\\\/oberenn\\\/\",\"logo\":{\"@type\":\"ImageObject\",\"inLanguage\":\"fr-FR\",\"@id\":\"https:\\\/\\\/www.anjela.org\\\/oberenn\\\/#\\\/schema\\\/logo\\\/image\\\/\",\"url\":\"https:\\\/\\\/www.anjela.org\\\/oberenn\\\/wp-content\\\/uploads\\\/2019\\\/11\\\/logo-mignoned-angela.png\",\"contentUrl\":\"https:\\\/\\\/www.anjela.org\\\/oberenn\\\/wp-content\\\/uploads\\\/2019\\\/11\\\/logo-mignoned-angela.png\",\"width\":248,\"height\":147,\"caption\":\"Mignoned Anjela\"},\"image\":{\"@id\":\"https:\\\/\\\/www.anjela.org\\\/oberenn\\\/#\\\/schema\\\/logo\\\/image\\\/\"}},{\"@type\":\"Person\",\"@id\":\"https:\\\/\\\/www.anjela.org\\\/oberenn\\\/#\\\/schema\\\/person\\\/3f46341919a3b7c3ae6a0b10f114ff0c\",\"name\":\"Anjela-Adm\",\"image\":{\"@type\":\"ImageObject\",\"inLanguage\":\"fr-FR\",\"@id\":\"https:\\\/\\\/secure.gravatar.com\\\/avatar\\\/565733aed00fbe7269248aac9873ac3ab8fdb55026c20fd5125b560451088f34?s=96&d=mm&r=g\",\"url\":\"https:\\\/\\\/secure.gravatar.com\\\/avatar\\\/565733aed00fbe7269248aac9873ac3ab8fdb55026c20fd5125b560451088f34?s=96&d=mm&r=g\",\"contentUrl\":\"https:\\\/\\\/secure.gravatar.com\\\/avatar\\\/565733aed00fbe7269248aac9873ac3ab8fdb55026c20fd5125b560451088f34?s=96&d=mm&r=g\",\"caption\":\"Anjela-Adm\"}}]}<\/script>\n<!-- \/ Yoast SEO plugin. -->","yoast_head_json":{"title":"R\u00e9\u00e9dition de l\u2019\u0153uvre compl\u00e8te d\u2019Anjela Duval - Anjela Duval","robots":{"index":"index","follow":"follow","max-snippet":"max-snippet:-1","max-image-preview":"max-image-preview:large","max-video-preview":"max-video-preview:-1"},"canonical":"https:\/\/www.anjela.org\/oberenn\/reedition-de-loeuvre-complete-danjela-duval\/","og_locale":"fr_FR","og_type":"article","og_title":"R\u00e9\u00e9dition de l\u2019\u0153uvre compl\u00e8te d\u2019Anjela Duval - Anjela Duval","og_description":"Une \u00e9dition unique en son genre Oberenn glok Anjela Duval est la premi\u00e8re \u2013 et la seule \u2013 \u0153uvre compl\u00e8te d&rsquo;un \u00e9crivain [&hellip;]","og_url":"https:\/\/www.anjela.org\/oberenn\/reedition-de-loeuvre-complete-danjela-duval\/","og_site_name":"Anjela Duval","article_published_time":"2017-10-23T14:36:39+00:00","article_modified_time":"2019-08-22T15:46:57+00:00","og_image":[{"url":"http:\/\/www.anjela.org\/oberenn\/wp-content\/uploads\/2018\/06\/thumb-oberenn-glok-300x262.png","type":"","width":"","height":""}],"author":"Anjela-Adm","twitter_card":"summary_large_image","twitter_misc":{"\u00c9crit par":"Anjela-Adm","Dur\u00e9e de lecture estim\u00e9e":"1 minute"},"schema":{"@context":"https:\/\/schema.org","@graph":[{"@type":"Article","@id":"https:\/\/www.anjela.org\/oberenn\/reedition-de-loeuvre-complete-danjela-duval\/#article","isPartOf":{"@id":"https:\/\/www.anjela.org\/oberenn\/reedition-de-loeuvre-complete-danjela-duval\/"},"author":{"name":"Anjela-Adm","@id":"https:\/\/www.anjela.org\/oberenn\/#\/schema\/person\/3f46341919a3b7c3ae6a0b10f114ff0c"},"headline":"R\u00e9\u00e9dition de l\u2019\u0153uvre compl\u00e8te d\u2019Anjela Duval","datePublished":"2017-10-23T14:36:39+00:00","dateModified":"2019-08-22T15:46:57+00:00","mainEntityOfPage":{"@id":"https:\/\/www.anjela.org\/oberenn\/reedition-de-loeuvre-complete-danjela-duval\/"},"wordCount":285,"publisher":{"@id":"https:\/\/www.anjela.org\/oberenn\/#organization"},"image":{"@id":"https:\/\/www.anjela.org\/oberenn\/reedition-de-loeuvre-complete-danjela-duval\/#primaryimage"},"thumbnailUrl":"http:\/\/www.anjela.org\/oberenn\/wp-content\/uploads\/2018\/06\/thumb-oberenn-glok-300x262.png","articleSection":["Actualit\u00e9s"],"inLanguage":"fr-FR"},{"@type":"WebPage","@id":"https:\/\/www.anjela.org\/oberenn\/reedition-de-loeuvre-complete-danjela-duval\/","url":"https:\/\/www.anjela.org\/oberenn\/reedition-de-loeuvre-complete-danjela-duval\/","name":"R\u00e9\u00e9dition de l\u2019\u0153uvre compl\u00e8te d\u2019Anjela Duval - Anjela Duval","isPartOf":{"@id":"https:\/\/www.anjela.org\/oberenn\/#website"},"primaryImageOfPage":{"@id":"https:\/\/www.anjela.org\/oberenn\/reedition-de-loeuvre-complete-danjela-duval\/#primaryimage"},"image":{"@id":"https:\/\/www.anjela.org\/oberenn\/reedition-de-loeuvre-complete-danjela-duval\/#primaryimage"},"thumbnailUrl":"http:\/\/www.anjela.org\/oberenn\/wp-content\/uploads\/2018\/06\/thumb-oberenn-glok-300x262.png","datePublished":"2017-10-23T14:36:39+00:00","dateModified":"2019-08-22T15:46:57+00:00","breadcrumb":{"@id":"https:\/\/www.anjela.org\/oberenn\/reedition-de-loeuvre-complete-danjela-duval\/#breadcrumb"},"inLanguage":"fr-FR","potentialAction":[{"@type":"ReadAction","target":["https:\/\/www.anjela.org\/oberenn\/reedition-de-loeuvre-complete-danjela-duval\/"]}]},{"@type":"ImageObject","inLanguage":"fr-FR","@id":"https:\/\/www.anjela.org\/oberenn\/reedition-de-loeuvre-complete-danjela-duval\/#primaryimage","url":"https:\/\/www.anjela.org\/oberenn\/wp-content\/uploads\/2018\/06\/thumb-oberenn-glok.png","contentUrl":"https:\/\/www.anjela.org\/oberenn\/wp-content\/uploads\/2018\/06\/thumb-oberenn-glok.png","width":1772,"height":1548,"caption":"Oberenn glok Anjela Duval"},{"@type":"BreadcrumbList","@id":"https:\/\/www.anjela.org\/oberenn\/reedition-de-loeuvre-complete-danjela-duval\/#breadcrumb","itemListElement":[{"@type":"ListItem","position":1,"name":"Accueil","item":"https:\/\/www.anjela.org\/oberenn\/"},{"@type":"ListItem","position":2,"name":"R\u00e9\u00e9dition de l\u2019\u0153uvre compl\u00e8te d\u2019Anjela Duval"}]},{"@type":"WebSite","@id":"https:\/\/www.anjela.org\/oberenn\/#website","url":"https:\/\/www.anjela.org\/oberenn\/","name":"Anjela Duval","description":"","publisher":{"@id":"https:\/\/www.anjela.org\/oberenn\/#organization"},"potentialAction":[{"@type":"SearchAction","target":{"@type":"EntryPoint","urlTemplate":"https:\/\/www.anjela.org\/oberenn\/?s={search_term_string}"},"query-input":{"@type":"PropertyValueSpecification","valueRequired":true,"valueName":"search_term_string"}}],"inLanguage":"fr-FR"},{"@type":"Organization","@id":"https:\/\/www.anjela.org\/oberenn\/#organization","name":"Mignoned Anjela","url":"https:\/\/www.anjela.org\/oberenn\/","logo":{"@type":"ImageObject","inLanguage":"fr-FR","@id":"https:\/\/www.anjela.org\/oberenn\/#\/schema\/logo\/image\/","url":"https:\/\/www.anjela.org\/oberenn\/wp-content\/uploads\/2019\/11\/logo-mignoned-angela.png","contentUrl":"https:\/\/www.anjela.org\/oberenn\/wp-content\/uploads\/2019\/11\/logo-mignoned-angela.png","width":248,"height":147,"caption":"Mignoned Anjela"},"image":{"@id":"https:\/\/www.anjela.org\/oberenn\/#\/schema\/logo\/image\/"}},{"@type":"Person","@id":"https:\/\/www.anjela.org\/oberenn\/#\/schema\/person\/3f46341919a3b7c3ae6a0b10f114ff0c","name":"Anjela-Adm","image":{"@type":"ImageObject","inLanguage":"fr-FR","@id":"https:\/\/secure.gravatar.com\/avatar\/565733aed00fbe7269248aac9873ac3ab8fdb55026c20fd5125b560451088f34?s=96&d=mm&r=g","url":"https:\/\/secure.gravatar.com\/avatar\/565733aed00fbe7269248aac9873ac3ab8fdb55026c20fd5125b560451088f34?s=96&d=mm&r=g","contentUrl":"https:\/\/secure.gravatar.com\/avatar\/565733aed00fbe7269248aac9873ac3ab8fdb55026c20fd5125b560451088f34?s=96&d=mm&r=g","caption":"Anjela-Adm"}}]}},"_links":{"self":[{"href":"https:\/\/www.anjela.org\/oberenn\/wp-json\/wp\/v2\/posts\/2618","targetHints":{"allow":["GET"]}}],"collection":[{"href":"https:\/\/www.anjela.org\/oberenn\/wp-json\/wp\/v2\/posts"}],"about":[{"href":"https:\/\/www.anjela.org\/oberenn\/wp-json\/wp\/v2\/types\/post"}],"author":[{"embeddable":true,"href":"https:\/\/www.anjela.org\/oberenn\/wp-json\/wp\/v2\/users\/1"}],"replies":[{"embeddable":true,"href":"https:\/\/www.anjela.org\/oberenn\/wp-json\/wp\/v2\/comments?post=2618"}],"version-history":[{"count":0,"href":"https:\/\/www.anjela.org\/oberenn\/wp-json\/wp\/v2\/posts\/2618\/revisions"}],"wp:attachment":[{"href":"https:\/\/www.anjela.org\/oberenn\/wp-json\/wp\/v2\/media?parent=2618"}],"wp:term":[{"taxonomy":"category","embeddable":true,"href":"https:\/\/www.anjela.org\/oberenn\/wp-json\/wp\/v2\/categories?post=2618"},{"taxonomy":"post_tag","embeddable":true,"href":"https:\/\/www.anjela.org\/oberenn\/wp-json\/wp\/v2\/tags?post=2618"}],"curies":[{"name":"wp","href":"https:\/\/api.w.org\/{rel}","templated":true}]}}