{"id":1925,"date":"2017-10-10T01:10:16","date_gmt":"2017-10-09T23:10:16","guid":{"rendered":"http:\/\/www.anjela.org\/oberenn\/?p=1925"},"modified":"2018-03-02T17:41:57","modified_gmt":"2018-03-02T16:41:57","slug":"la-veille-de-la-saint-jean-2","status":"publish","type":"post","link":"https:\/\/www.anjela.org\/oberenn\/la-veille-de-la-saint-jean-2\/","title":{"rendered":"La veille de la Saint-Jean"},"content":{"rendered":"<p>La nuit la plus courte. La nuit du jour le plus long.<br \/>\nDix heures ! La nuit ne vient pas.<br \/>\nToute chose visible dans les lointains.<br \/>\nLe ciel moiti\u00e9 couleur de deuil :<br \/>\nUn bleu pourpre clairsem\u00e9, \u00e9teint, ineffable,<br \/>\nCouleur de secret. Couleur de nostalgie<br \/>\nCouleur de souvenir.<\/p>\n<p>Claire la lune. Tr\u00e8s blanche<br \/>\n\u0097 Les \u00e9toiles restent invisibles. \u0097<br \/>\nLa nuit prend un air r\u00eaveur<br \/>\nNostalgie \u0097 lugubre assur\u00e9ment \u0097<br \/>\nDes habitudes tomb\u00e9es dans le pass\u00e9.<br \/>\nClart\u00e9 et bonheur d&rsquo;autrefois<br \/>\nDes soir\u00e9es de veille de la saint-Jean.<br \/>\nDans les campagnes bretonnes, les petits bourgs.<br \/>\nDes flammes d&rsquo;un rouge vif s&rsquo;\u00e9levaient de chaque village.<br \/>\nL&rsquo;odeur de la fum\u00e9e dans l&rsquo;air nocturne.<br \/>\nLes cris per\u00e7ants des enfants<br \/>\nJuch\u00e9s sur les talus<br \/>\nSur les hauteurs<br \/>\nIls comptent les feux de joie<br \/>\nTout autour.<\/p>\n<p>Coutumes disparues.<br \/>\nAuxquelles les jeunes d&rsquo;aujourd&rsquo;hui<br \/>\nRenoncent trop ais\u00e9ment.<br \/>\n\u0097 O\u00f9 es-tu, jeunesse remuante ?<br \/>\n\u0097 A l&rsquo;\u00e9cole, \u00e0 te d\u00e9truire (en attendant l&rsquo;exil)<br \/>\nDans une culture contraire \u00e0 l&rsquo;esprit de ton peuple.<\/p>\n<p>Ce soir seulement au-dessus de la vall\u00e9e<br \/>\nUn feu tranquille. Un feu froid :<br \/>\nLa lune claire<br \/>\nDans sa Pl\u00e9nitude<br \/>\nSeule<br \/>\n\u00c9tincelant sur la lande.<br \/>\nVeille de la saint-Jean\u0085<\/p>\n<p>23 juin 1964<\/p>\n<p>(Traduction Paol Keineg)<\/p>\n<p><a href=http:\/\/www.anjela.org\/oberenn\/noz-derchent-gouel-yann\/?lang=bz>Ce po\u00e8me en breton<\/a><\/p>\n","protected":false},"excerpt":{"rendered":"<p>La nuit la plus courte. La nuit du jour le plus long. Dix heures ! La nuit ne vient pas. Toute chose [&hellip;]<\/p>\n","protected":false},"author":1,"featured_media":0,"comment_status":"closed","ping_status":"open","sticky":false,"template":"","format":"standard","meta":{"_acf_changed":false,"ngg_post_thumbnail":0,"footnotes":""},"categories":[3,7],"tags":[],"class_list":["post-1925","post","type-post","status-publish","format-standard","hentry","category-poemes","category-anjelatrad"],"acf":[],"yoast_head":"<!-- This site is optimized with the Yoast SEO plugin v27.5 - https:\/\/yoast.com\/product\/yoast-seo-wordpress\/ -->\n<title>La veille de la Saint-Jean - Anjela Duval<\/title>\n<meta name=\"robots\" content=\"index, follow, max-snippet:-1, max-image-preview:large, max-video-preview:-1\" \/>\n<link rel=\"canonical\" href=\"https:\/\/www.anjela.org\/oberenn\/la-veille-de-la-saint-jean-2\/\" \/>\n<meta property=\"og:locale\" content=\"fr_FR\" \/>\n<meta property=\"og:type\" content=\"article\" \/>\n<meta property=\"og:title\" content=\"La veille de la Saint-Jean - Anjela Duval\" \/>\n<meta property=\"og:description\" content=\"La nuit la plus courte. La nuit du jour le plus long. Dix heures ! La nuit ne vient pas. Toute chose [&hellip;]\" \/>\n<meta property=\"og:url\" content=\"https:\/\/www.anjela.org\/oberenn\/la-veille-de-la-saint-jean-2\/\" \/>\n<meta property=\"og:site_name\" content=\"Anjela Duval\" \/>\n<meta property=\"article:published_time\" content=\"2017-10-09T23:10:16+00:00\" \/>\n<meta property=\"article:modified_time\" content=\"2018-03-02T16:41:57+00:00\" \/>\n<meta name=\"author\" content=\"Anjela-Adm\" \/>\n<meta name=\"twitter:card\" content=\"summary_large_image\" \/>\n<meta name=\"twitter:label1\" content=\"\u00c9crit par\" \/>\n\t<meta name=\"twitter:data1\" content=\"Anjela-Adm\" \/>\n\t<meta name=\"twitter:label2\" content=\"Dur\u00e9e de lecture estim\u00e9e\" \/>\n\t<meta name=\"twitter:data2\" content=\"1 minute\" \/>\n<script type=\"application\/ld+json\" class=\"yoast-schema-graph\">{\"@context\":\"https:\\\/\\\/schema.org\",\"@graph\":[{\"@type\":\"Article\",\"@id\":\"https:\\\/\\\/www.anjela.org\\\/oberenn\\\/la-veille-de-la-saint-jean-2\\\/#article\",\"isPartOf\":{\"@id\":\"https:\\\/\\\/www.anjela.org\\\/oberenn\\\/la-veille-de-la-saint-jean-2\\\/\"},\"author\":{\"name\":\"Anjela-Adm\",\"@id\":\"https:\\\/\\\/www.anjela.org\\\/oberenn\\\/#\\\/schema\\\/person\\\/3f46341919a3b7c3ae6a0b10f114ff0c\"},\"headline\":\"La veille de la Saint-Jean\",\"datePublished\":\"2017-10-09T23:10:16+00:00\",\"dateModified\":\"2018-03-02T16:41:57+00:00\",\"mainEntityOfPage\":{\"@id\":\"https:\\\/\\\/www.anjela.org\\\/oberenn\\\/la-veille-de-la-saint-jean-2\\\/\"},\"wordCount\":216,\"publisher\":{\"@id\":\"https:\\\/\\\/www.anjela.org\\\/oberenn\\\/#organization\"},\"articleSection\":[\"Po\u00e8mes\",\"Po\u00e8mes d\u2019Anjela Duval traduits\"],\"inLanguage\":\"fr-FR\"},{\"@type\":\"WebPage\",\"@id\":\"https:\\\/\\\/www.anjela.org\\\/oberenn\\\/la-veille-de-la-saint-jean-2\\\/\",\"url\":\"https:\\\/\\\/www.anjela.org\\\/oberenn\\\/la-veille-de-la-saint-jean-2\\\/\",\"name\":\"La veille de la Saint-Jean - Anjela Duval\",\"isPartOf\":{\"@id\":\"https:\\\/\\\/www.anjela.org\\\/oberenn\\\/#website\"},\"datePublished\":\"2017-10-09T23:10:16+00:00\",\"dateModified\":\"2018-03-02T16:41:57+00:00\",\"breadcrumb\":{\"@id\":\"https:\\\/\\\/www.anjela.org\\\/oberenn\\\/la-veille-de-la-saint-jean-2\\\/#breadcrumb\"},\"inLanguage\":\"fr-FR\",\"potentialAction\":[{\"@type\":\"ReadAction\",\"target\":[\"https:\\\/\\\/www.anjela.org\\\/oberenn\\\/la-veille-de-la-saint-jean-2\\\/\"]}]},{\"@type\":\"BreadcrumbList\",\"@id\":\"https:\\\/\\\/www.anjela.org\\\/oberenn\\\/la-veille-de-la-saint-jean-2\\\/#breadcrumb\",\"itemListElement\":[{\"@type\":\"ListItem\",\"position\":1,\"name\":\"Accueil\",\"item\":\"https:\\\/\\\/www.anjela.org\\\/oberenn\\\/\"},{\"@type\":\"ListItem\",\"position\":2,\"name\":\"La veille de la Saint-Jean\"}]},{\"@type\":\"WebSite\",\"@id\":\"https:\\\/\\\/www.anjela.org\\\/oberenn\\\/#website\",\"url\":\"https:\\\/\\\/www.anjela.org\\\/oberenn\\\/\",\"name\":\"Anjela Duval\",\"description\":\"\",\"publisher\":{\"@id\":\"https:\\\/\\\/www.anjela.org\\\/oberenn\\\/#organization\"},\"potentialAction\":[{\"@type\":\"SearchAction\",\"target\":{\"@type\":\"EntryPoint\",\"urlTemplate\":\"https:\\\/\\\/www.anjela.org\\\/oberenn\\\/?s={search_term_string}\"},\"query-input\":{\"@type\":\"PropertyValueSpecification\",\"valueRequired\":true,\"valueName\":\"search_term_string\"}}],\"inLanguage\":\"fr-FR\"},{\"@type\":\"Organization\",\"@id\":\"https:\\\/\\\/www.anjela.org\\\/oberenn\\\/#organization\",\"name\":\"Mignoned Anjela\",\"url\":\"https:\\\/\\\/www.anjela.org\\\/oberenn\\\/\",\"logo\":{\"@type\":\"ImageObject\",\"inLanguage\":\"fr-FR\",\"@id\":\"https:\\\/\\\/www.anjela.org\\\/oberenn\\\/#\\\/schema\\\/logo\\\/image\\\/\",\"url\":\"https:\\\/\\\/www.anjela.org\\\/oberenn\\\/wp-content\\\/uploads\\\/2019\\\/11\\\/logo-mignoned-angela.png\",\"contentUrl\":\"https:\\\/\\\/www.anjela.org\\\/oberenn\\\/wp-content\\\/uploads\\\/2019\\\/11\\\/logo-mignoned-angela.png\",\"width\":248,\"height\":147,\"caption\":\"Mignoned Anjela\"},\"image\":{\"@id\":\"https:\\\/\\\/www.anjela.org\\\/oberenn\\\/#\\\/schema\\\/logo\\\/image\\\/\"}},{\"@type\":\"Person\",\"@id\":\"https:\\\/\\\/www.anjela.org\\\/oberenn\\\/#\\\/schema\\\/person\\\/3f46341919a3b7c3ae6a0b10f114ff0c\",\"name\":\"Anjela-Adm\",\"image\":{\"@type\":\"ImageObject\",\"inLanguage\":\"fr-FR\",\"@id\":\"https:\\\/\\\/secure.gravatar.com\\\/avatar\\\/565733aed00fbe7269248aac9873ac3ab8fdb55026c20fd5125b560451088f34?s=96&d=mm&r=g\",\"url\":\"https:\\\/\\\/secure.gravatar.com\\\/avatar\\\/565733aed00fbe7269248aac9873ac3ab8fdb55026c20fd5125b560451088f34?s=96&d=mm&r=g\",\"contentUrl\":\"https:\\\/\\\/secure.gravatar.com\\\/avatar\\\/565733aed00fbe7269248aac9873ac3ab8fdb55026c20fd5125b560451088f34?s=96&d=mm&r=g\",\"caption\":\"Anjela-Adm\"}}]}<\/script>\n<!-- \/ Yoast SEO plugin. -->","yoast_head_json":{"title":"La veille de la Saint-Jean - Anjela Duval","robots":{"index":"index","follow":"follow","max-snippet":"max-snippet:-1","max-image-preview":"max-image-preview:large","max-video-preview":"max-video-preview:-1"},"canonical":"https:\/\/www.anjela.org\/oberenn\/la-veille-de-la-saint-jean-2\/","og_locale":"fr_FR","og_type":"article","og_title":"La veille de la Saint-Jean - Anjela Duval","og_description":"La nuit la plus courte. La nuit du jour le plus long. Dix heures ! La nuit ne vient pas. Toute chose [&hellip;]","og_url":"https:\/\/www.anjela.org\/oberenn\/la-veille-de-la-saint-jean-2\/","og_site_name":"Anjela Duval","article_published_time":"2017-10-09T23:10:16+00:00","article_modified_time":"2018-03-02T16:41:57+00:00","author":"Anjela-Adm","twitter_card":"summary_large_image","twitter_misc":{"\u00c9crit par":"Anjela-Adm","Dur\u00e9e de lecture estim\u00e9e":"1 minute"},"schema":{"@context":"https:\/\/schema.org","@graph":[{"@type":"Article","@id":"https:\/\/www.anjela.org\/oberenn\/la-veille-de-la-saint-jean-2\/#article","isPartOf":{"@id":"https:\/\/www.anjela.org\/oberenn\/la-veille-de-la-saint-jean-2\/"},"author":{"name":"Anjela-Adm","@id":"https:\/\/www.anjela.org\/oberenn\/#\/schema\/person\/3f46341919a3b7c3ae6a0b10f114ff0c"},"headline":"La veille de la Saint-Jean","datePublished":"2017-10-09T23:10:16+00:00","dateModified":"2018-03-02T16:41:57+00:00","mainEntityOfPage":{"@id":"https:\/\/www.anjela.org\/oberenn\/la-veille-de-la-saint-jean-2\/"},"wordCount":216,"publisher":{"@id":"https:\/\/www.anjela.org\/oberenn\/#organization"},"articleSection":["Po\u00e8mes","Po\u00e8mes d\u2019Anjela Duval traduits"],"inLanguage":"fr-FR"},{"@type":"WebPage","@id":"https:\/\/www.anjela.org\/oberenn\/la-veille-de-la-saint-jean-2\/","url":"https:\/\/www.anjela.org\/oberenn\/la-veille-de-la-saint-jean-2\/","name":"La veille de la Saint-Jean - Anjela Duval","isPartOf":{"@id":"https:\/\/www.anjela.org\/oberenn\/#website"},"datePublished":"2017-10-09T23:10:16+00:00","dateModified":"2018-03-02T16:41:57+00:00","breadcrumb":{"@id":"https:\/\/www.anjela.org\/oberenn\/la-veille-de-la-saint-jean-2\/#breadcrumb"},"inLanguage":"fr-FR","potentialAction":[{"@type":"ReadAction","target":["https:\/\/www.anjela.org\/oberenn\/la-veille-de-la-saint-jean-2\/"]}]},{"@type":"BreadcrumbList","@id":"https:\/\/www.anjela.org\/oberenn\/la-veille-de-la-saint-jean-2\/#breadcrumb","itemListElement":[{"@type":"ListItem","position":1,"name":"Accueil","item":"https:\/\/www.anjela.org\/oberenn\/"},{"@type":"ListItem","position":2,"name":"La veille de la Saint-Jean"}]},{"@type":"WebSite","@id":"https:\/\/www.anjela.org\/oberenn\/#website","url":"https:\/\/www.anjela.org\/oberenn\/","name":"Anjela Duval","description":"","publisher":{"@id":"https:\/\/www.anjela.org\/oberenn\/#organization"},"potentialAction":[{"@type":"SearchAction","target":{"@type":"EntryPoint","urlTemplate":"https:\/\/www.anjela.org\/oberenn\/?s={search_term_string}"},"query-input":{"@type":"PropertyValueSpecification","valueRequired":true,"valueName":"search_term_string"}}],"inLanguage":"fr-FR"},{"@type":"Organization","@id":"https:\/\/www.anjela.org\/oberenn\/#organization","name":"Mignoned Anjela","url":"https:\/\/www.anjela.org\/oberenn\/","logo":{"@type":"ImageObject","inLanguage":"fr-FR","@id":"https:\/\/www.anjela.org\/oberenn\/#\/schema\/logo\/image\/","url":"https:\/\/www.anjela.org\/oberenn\/wp-content\/uploads\/2019\/11\/logo-mignoned-angela.png","contentUrl":"https:\/\/www.anjela.org\/oberenn\/wp-content\/uploads\/2019\/11\/logo-mignoned-angela.png","width":248,"height":147,"caption":"Mignoned Anjela"},"image":{"@id":"https:\/\/www.anjela.org\/oberenn\/#\/schema\/logo\/image\/"}},{"@type":"Person","@id":"https:\/\/www.anjela.org\/oberenn\/#\/schema\/person\/3f46341919a3b7c3ae6a0b10f114ff0c","name":"Anjela-Adm","image":{"@type":"ImageObject","inLanguage":"fr-FR","@id":"https:\/\/secure.gravatar.com\/avatar\/565733aed00fbe7269248aac9873ac3ab8fdb55026c20fd5125b560451088f34?s=96&d=mm&r=g","url":"https:\/\/secure.gravatar.com\/avatar\/565733aed00fbe7269248aac9873ac3ab8fdb55026c20fd5125b560451088f34?s=96&d=mm&r=g","contentUrl":"https:\/\/secure.gravatar.com\/avatar\/565733aed00fbe7269248aac9873ac3ab8fdb55026c20fd5125b560451088f34?s=96&d=mm&r=g","caption":"Anjela-Adm"}}]}},"_links":{"self":[{"href":"https:\/\/www.anjela.org\/oberenn\/wp-json\/wp\/v2\/posts\/1925","targetHints":{"allow":["GET"]}}],"collection":[{"href":"https:\/\/www.anjela.org\/oberenn\/wp-json\/wp\/v2\/posts"}],"about":[{"href":"https:\/\/www.anjela.org\/oberenn\/wp-json\/wp\/v2\/types\/post"}],"author":[{"embeddable":true,"href":"https:\/\/www.anjela.org\/oberenn\/wp-json\/wp\/v2\/users\/1"}],"replies":[{"embeddable":true,"href":"https:\/\/www.anjela.org\/oberenn\/wp-json\/wp\/v2\/comments?post=1925"}],"version-history":[{"count":0,"href":"https:\/\/www.anjela.org\/oberenn\/wp-json\/wp\/v2\/posts\/1925\/revisions"}],"wp:attachment":[{"href":"https:\/\/www.anjela.org\/oberenn\/wp-json\/wp\/v2\/media?parent=1925"}],"wp:term":[{"taxonomy":"category","embeddable":true,"href":"https:\/\/www.anjela.org\/oberenn\/wp-json\/wp\/v2\/categories?post=1925"},{"taxonomy":"post_tag","embeddable":true,"href":"https:\/\/www.anjela.org\/oberenn\/wp-json\/wp\/v2\/tags?post=1925"}],"curies":[{"name":"wp","href":"https:\/\/api.w.org\/{rel}","templated":true}]}}