{"id":1882,"date":"2017-10-10T00:45:22","date_gmt":"2017-10-09T22:45:22","guid":{"rendered":"http:\/\/www.anjela.org\/oberenn\/?p=1882"},"modified":"2018-03-02T17:29:10","modified_gmt":"2018-03-02T16:29:10","slug":"le-combat-des-elements-2","status":"publish","type":"post","link":"https:\/\/www.anjela.org\/oberenn\/le-combat-des-elements-2\/","title":{"rendered":"Le combat des \u00e9l\u00e9ments"},"content":{"rendered":"<p>Le feu sans doute a d\u00e9laiss\u00e9 sa cible rouge<br \/>\nL&rsquo;eau sa robe couleur du temps<br \/>\nS&#8217;embrassant sous la terre dure<br \/>\nIls se sont f\u00e9cond\u00e9s en se battant<br \/>\nPour qu&rsquo;\u00e9clate de la lumi\u00e8re terne<br \/>\nUn fils adult\u00e9rin dans le ciel du printemps<br \/>\nCorps couvert de nuages viril comme un mont<br \/>\nTrou fait par l&rsquo;oiseau par o\u00f9 s&rsquo;ouvre le souffle<br \/>\nL&rsquo;\u00e9t\u00e9 souffle dans ses \u00e9normes poumons<br \/>\nLe grand soleil brise mille nuits en mille morceaux<br \/>\nFolle de lunes bleues, d&rsquo;\u00e9toiles noires<br \/>\nDans ses bas-fonds, visage coup\u00e9 en deux<br \/>\nLe bleu du ciel dans la torpeur du lac<br \/>\nO\u00f9 jouent une source et son murmure<br \/>\nDans ces grottes de vie de ressac silencieux<br \/>\nAvec un r\u00eave liquide qui ressuscite les cimes.<br \/>\nLui couronn\u00e9 de paix et de verdure<br \/>\nLui, bonheur d&rsquo;oiseaux, lui blanc de fleurs<br \/>\nLui nourri de col\u00e8re et fort de cahots<br \/>\nTant que dure en lui le combat des \u00e9l\u00e9ments<br \/>\nLe tronc rude dans le pic de sa cime<br \/>\nDresse ses n\u009cuds, ses fourches, ses torsions<br \/>\nQui en poussant de cassure en cassure<br \/>\nReste victorieux, ing\u00e9nieux, \u00e9difice<br \/>\nPour que dorme dans l&rsquo;automne de sa couleur<br \/>\nLe feu qui le constitue, semblable \u00e0 celui<br \/>\nDe l&rsquo;homme qui saigne et du soleil qui meurt.<\/p>\n<p>(Traduction Paol Keineg)<\/p>\n<p><a href=http:\/\/www.anjela.org\/oberenn\/ar-stourmad-elfennel\/?lang=bz>Ce po\u00e8me en breton<\/a><\/p>\n","protected":false},"excerpt":{"rendered":"<p>Le feu sans doute a d\u00e9laiss\u00e9 sa cible rouge L&rsquo;eau sa robe couleur du temps S&#8217;embrassant sous la terre dure Ils se [&hellip;]<\/p>\n","protected":false},"author":1,"featured_media":0,"comment_status":"closed","ping_status":"open","sticky":false,"template":"","format":"standard","meta":{"_acf_changed":false,"ngg_post_thumbnail":0,"footnotes":""},"categories":[3,7],"tags":[],"class_list":["post-1882","post","type-post","status-publish","format-standard","hentry","category-poemes","category-anjelatrad"],"acf":[],"yoast_head":"<!-- This site is optimized with the Yoast SEO plugin v27.5 - https:\/\/yoast.com\/product\/yoast-seo-wordpress\/ -->\n<title>Le combat des \u00e9l\u00e9ments - Anjela Duval<\/title>\n<meta name=\"robots\" content=\"index, follow, max-snippet:-1, max-image-preview:large, max-video-preview:-1\" \/>\n<link rel=\"canonical\" href=\"https:\/\/www.anjela.org\/oberenn\/le-combat-des-elements-2\/\" \/>\n<meta property=\"og:locale\" content=\"fr_FR\" \/>\n<meta property=\"og:type\" content=\"article\" \/>\n<meta property=\"og:title\" content=\"Le combat des \u00e9l\u00e9ments - Anjela Duval\" \/>\n<meta property=\"og:description\" content=\"Le feu sans doute a d\u00e9laiss\u00e9 sa cible rouge L&rsquo;eau sa robe couleur du temps S&#8217;embrassant sous la terre dure Ils se [&hellip;]\" \/>\n<meta property=\"og:url\" content=\"https:\/\/www.anjela.org\/oberenn\/le-combat-des-elements-2\/\" \/>\n<meta property=\"og:site_name\" content=\"Anjela Duval\" \/>\n<meta property=\"article:published_time\" content=\"2017-10-09T22:45:22+00:00\" \/>\n<meta property=\"article:modified_time\" content=\"2018-03-02T16:29:10+00:00\" \/>\n<meta name=\"author\" content=\"Anjela-Adm\" \/>\n<meta name=\"twitter:card\" content=\"summary_large_image\" \/>\n<meta name=\"twitter:label1\" content=\"\u00c9crit par\" \/>\n\t<meta name=\"twitter:data1\" content=\"Anjela-Adm\" \/>\n\t<meta name=\"twitter:label2\" content=\"Dur\u00e9e de lecture estim\u00e9e\" \/>\n\t<meta name=\"twitter:data2\" content=\"1 minute\" \/>\n<script type=\"application\/ld+json\" class=\"yoast-schema-graph\">{\"@context\":\"https:\\\/\\\/schema.org\",\"@graph\":[{\"@type\":\"Article\",\"@id\":\"https:\\\/\\\/www.anjela.org\\\/oberenn\\\/le-combat-des-elements-2\\\/#article\",\"isPartOf\":{\"@id\":\"https:\\\/\\\/www.anjela.org\\\/oberenn\\\/le-combat-des-elements-2\\\/\"},\"author\":{\"name\":\"Anjela-Adm\",\"@id\":\"https:\\\/\\\/www.anjela.org\\\/oberenn\\\/#\\\/schema\\\/person\\\/3f46341919a3b7c3ae6a0b10f114ff0c\"},\"headline\":\"Le combat des \u00e9l\u00e9ments\",\"datePublished\":\"2017-10-09T22:45:22+00:00\",\"dateModified\":\"2018-03-02T16:29:10+00:00\",\"mainEntityOfPage\":{\"@id\":\"https:\\\/\\\/www.anjela.org\\\/oberenn\\\/le-combat-des-elements-2\\\/\"},\"wordCount\":233,\"publisher\":{\"@id\":\"https:\\\/\\\/www.anjela.org\\\/oberenn\\\/#organization\"},\"articleSection\":[\"Po\u00e8mes\",\"Po\u00e8mes d\u2019Anjela Duval traduits\"],\"inLanguage\":\"fr-FR\"},{\"@type\":\"WebPage\",\"@id\":\"https:\\\/\\\/www.anjela.org\\\/oberenn\\\/le-combat-des-elements-2\\\/\",\"url\":\"https:\\\/\\\/www.anjela.org\\\/oberenn\\\/le-combat-des-elements-2\\\/\",\"name\":\"Le combat des \u00e9l\u00e9ments - Anjela Duval\",\"isPartOf\":{\"@id\":\"https:\\\/\\\/www.anjela.org\\\/oberenn\\\/#website\"},\"datePublished\":\"2017-10-09T22:45:22+00:00\",\"dateModified\":\"2018-03-02T16:29:10+00:00\",\"breadcrumb\":{\"@id\":\"https:\\\/\\\/www.anjela.org\\\/oberenn\\\/le-combat-des-elements-2\\\/#breadcrumb\"},\"inLanguage\":\"fr-FR\",\"potentialAction\":[{\"@type\":\"ReadAction\",\"target\":[\"https:\\\/\\\/www.anjela.org\\\/oberenn\\\/le-combat-des-elements-2\\\/\"]}]},{\"@type\":\"BreadcrumbList\",\"@id\":\"https:\\\/\\\/www.anjela.org\\\/oberenn\\\/le-combat-des-elements-2\\\/#breadcrumb\",\"itemListElement\":[{\"@type\":\"ListItem\",\"position\":1,\"name\":\"Accueil\",\"item\":\"https:\\\/\\\/www.anjela.org\\\/oberenn\\\/\"},{\"@type\":\"ListItem\",\"position\":2,\"name\":\"Le combat des \u00e9l\u00e9ments\"}]},{\"@type\":\"WebSite\",\"@id\":\"https:\\\/\\\/www.anjela.org\\\/oberenn\\\/#website\",\"url\":\"https:\\\/\\\/www.anjela.org\\\/oberenn\\\/\",\"name\":\"Anjela Duval\",\"description\":\"\",\"publisher\":{\"@id\":\"https:\\\/\\\/www.anjela.org\\\/oberenn\\\/#organization\"},\"potentialAction\":[{\"@type\":\"SearchAction\",\"target\":{\"@type\":\"EntryPoint\",\"urlTemplate\":\"https:\\\/\\\/www.anjela.org\\\/oberenn\\\/?s={search_term_string}\"},\"query-input\":{\"@type\":\"PropertyValueSpecification\",\"valueRequired\":true,\"valueName\":\"search_term_string\"}}],\"inLanguage\":\"fr-FR\"},{\"@type\":\"Organization\",\"@id\":\"https:\\\/\\\/www.anjela.org\\\/oberenn\\\/#organization\",\"name\":\"Mignoned Anjela\",\"url\":\"https:\\\/\\\/www.anjela.org\\\/oberenn\\\/\",\"logo\":{\"@type\":\"ImageObject\",\"inLanguage\":\"fr-FR\",\"@id\":\"https:\\\/\\\/www.anjela.org\\\/oberenn\\\/#\\\/schema\\\/logo\\\/image\\\/\",\"url\":\"https:\\\/\\\/www.anjela.org\\\/oberenn\\\/wp-content\\\/uploads\\\/2019\\\/11\\\/logo-mignoned-angela.png\",\"contentUrl\":\"https:\\\/\\\/www.anjela.org\\\/oberenn\\\/wp-content\\\/uploads\\\/2019\\\/11\\\/logo-mignoned-angela.png\",\"width\":248,\"height\":147,\"caption\":\"Mignoned Anjela\"},\"image\":{\"@id\":\"https:\\\/\\\/www.anjela.org\\\/oberenn\\\/#\\\/schema\\\/logo\\\/image\\\/\"}},{\"@type\":\"Person\",\"@id\":\"https:\\\/\\\/www.anjela.org\\\/oberenn\\\/#\\\/schema\\\/person\\\/3f46341919a3b7c3ae6a0b10f114ff0c\",\"name\":\"Anjela-Adm\",\"image\":{\"@type\":\"ImageObject\",\"inLanguage\":\"fr-FR\",\"@id\":\"https:\\\/\\\/secure.gravatar.com\\\/avatar\\\/565733aed00fbe7269248aac9873ac3ab8fdb55026c20fd5125b560451088f34?s=96&d=mm&r=g\",\"url\":\"https:\\\/\\\/secure.gravatar.com\\\/avatar\\\/565733aed00fbe7269248aac9873ac3ab8fdb55026c20fd5125b560451088f34?s=96&d=mm&r=g\",\"contentUrl\":\"https:\\\/\\\/secure.gravatar.com\\\/avatar\\\/565733aed00fbe7269248aac9873ac3ab8fdb55026c20fd5125b560451088f34?s=96&d=mm&r=g\",\"caption\":\"Anjela-Adm\"}}]}<\/script>\n<!-- \/ Yoast SEO plugin. -->","yoast_head_json":{"title":"Le combat des \u00e9l\u00e9ments - Anjela Duval","robots":{"index":"index","follow":"follow","max-snippet":"max-snippet:-1","max-image-preview":"max-image-preview:large","max-video-preview":"max-video-preview:-1"},"canonical":"https:\/\/www.anjela.org\/oberenn\/le-combat-des-elements-2\/","og_locale":"fr_FR","og_type":"article","og_title":"Le combat des \u00e9l\u00e9ments - Anjela Duval","og_description":"Le feu sans doute a d\u00e9laiss\u00e9 sa cible rouge L&rsquo;eau sa robe couleur du temps S&#8217;embrassant sous la terre dure Ils se [&hellip;]","og_url":"https:\/\/www.anjela.org\/oberenn\/le-combat-des-elements-2\/","og_site_name":"Anjela Duval","article_published_time":"2017-10-09T22:45:22+00:00","article_modified_time":"2018-03-02T16:29:10+00:00","author":"Anjela-Adm","twitter_card":"summary_large_image","twitter_misc":{"\u00c9crit par":"Anjela-Adm","Dur\u00e9e de lecture estim\u00e9e":"1 minute"},"schema":{"@context":"https:\/\/schema.org","@graph":[{"@type":"Article","@id":"https:\/\/www.anjela.org\/oberenn\/le-combat-des-elements-2\/#article","isPartOf":{"@id":"https:\/\/www.anjela.org\/oberenn\/le-combat-des-elements-2\/"},"author":{"name":"Anjela-Adm","@id":"https:\/\/www.anjela.org\/oberenn\/#\/schema\/person\/3f46341919a3b7c3ae6a0b10f114ff0c"},"headline":"Le combat des \u00e9l\u00e9ments","datePublished":"2017-10-09T22:45:22+00:00","dateModified":"2018-03-02T16:29:10+00:00","mainEntityOfPage":{"@id":"https:\/\/www.anjela.org\/oberenn\/le-combat-des-elements-2\/"},"wordCount":233,"publisher":{"@id":"https:\/\/www.anjela.org\/oberenn\/#organization"},"articleSection":["Po\u00e8mes","Po\u00e8mes d\u2019Anjela Duval traduits"],"inLanguage":"fr-FR"},{"@type":"WebPage","@id":"https:\/\/www.anjela.org\/oberenn\/le-combat-des-elements-2\/","url":"https:\/\/www.anjela.org\/oberenn\/le-combat-des-elements-2\/","name":"Le combat des \u00e9l\u00e9ments - Anjela Duval","isPartOf":{"@id":"https:\/\/www.anjela.org\/oberenn\/#website"},"datePublished":"2017-10-09T22:45:22+00:00","dateModified":"2018-03-02T16:29:10+00:00","breadcrumb":{"@id":"https:\/\/www.anjela.org\/oberenn\/le-combat-des-elements-2\/#breadcrumb"},"inLanguage":"fr-FR","potentialAction":[{"@type":"ReadAction","target":["https:\/\/www.anjela.org\/oberenn\/le-combat-des-elements-2\/"]}]},{"@type":"BreadcrumbList","@id":"https:\/\/www.anjela.org\/oberenn\/le-combat-des-elements-2\/#breadcrumb","itemListElement":[{"@type":"ListItem","position":1,"name":"Accueil","item":"https:\/\/www.anjela.org\/oberenn\/"},{"@type":"ListItem","position":2,"name":"Le combat des \u00e9l\u00e9ments"}]},{"@type":"WebSite","@id":"https:\/\/www.anjela.org\/oberenn\/#website","url":"https:\/\/www.anjela.org\/oberenn\/","name":"Anjela Duval","description":"","publisher":{"@id":"https:\/\/www.anjela.org\/oberenn\/#organization"},"potentialAction":[{"@type":"SearchAction","target":{"@type":"EntryPoint","urlTemplate":"https:\/\/www.anjela.org\/oberenn\/?s={search_term_string}"},"query-input":{"@type":"PropertyValueSpecification","valueRequired":true,"valueName":"search_term_string"}}],"inLanguage":"fr-FR"},{"@type":"Organization","@id":"https:\/\/www.anjela.org\/oberenn\/#organization","name":"Mignoned Anjela","url":"https:\/\/www.anjela.org\/oberenn\/","logo":{"@type":"ImageObject","inLanguage":"fr-FR","@id":"https:\/\/www.anjela.org\/oberenn\/#\/schema\/logo\/image\/","url":"https:\/\/www.anjela.org\/oberenn\/wp-content\/uploads\/2019\/11\/logo-mignoned-angela.png","contentUrl":"https:\/\/www.anjela.org\/oberenn\/wp-content\/uploads\/2019\/11\/logo-mignoned-angela.png","width":248,"height":147,"caption":"Mignoned Anjela"},"image":{"@id":"https:\/\/www.anjela.org\/oberenn\/#\/schema\/logo\/image\/"}},{"@type":"Person","@id":"https:\/\/www.anjela.org\/oberenn\/#\/schema\/person\/3f46341919a3b7c3ae6a0b10f114ff0c","name":"Anjela-Adm","image":{"@type":"ImageObject","inLanguage":"fr-FR","@id":"https:\/\/secure.gravatar.com\/avatar\/565733aed00fbe7269248aac9873ac3ab8fdb55026c20fd5125b560451088f34?s=96&d=mm&r=g","url":"https:\/\/secure.gravatar.com\/avatar\/565733aed00fbe7269248aac9873ac3ab8fdb55026c20fd5125b560451088f34?s=96&d=mm&r=g","contentUrl":"https:\/\/secure.gravatar.com\/avatar\/565733aed00fbe7269248aac9873ac3ab8fdb55026c20fd5125b560451088f34?s=96&d=mm&r=g","caption":"Anjela-Adm"}}]}},"_links":{"self":[{"href":"https:\/\/www.anjela.org\/oberenn\/wp-json\/wp\/v2\/posts\/1882","targetHints":{"allow":["GET"]}}],"collection":[{"href":"https:\/\/www.anjela.org\/oberenn\/wp-json\/wp\/v2\/posts"}],"about":[{"href":"https:\/\/www.anjela.org\/oberenn\/wp-json\/wp\/v2\/types\/post"}],"author":[{"embeddable":true,"href":"https:\/\/www.anjela.org\/oberenn\/wp-json\/wp\/v2\/users\/1"}],"replies":[{"embeddable":true,"href":"https:\/\/www.anjela.org\/oberenn\/wp-json\/wp\/v2\/comments?post=1882"}],"version-history":[{"count":0,"href":"https:\/\/www.anjela.org\/oberenn\/wp-json\/wp\/v2\/posts\/1882\/revisions"}],"wp:attachment":[{"href":"https:\/\/www.anjela.org\/oberenn\/wp-json\/wp\/v2\/media?parent=1882"}],"wp:term":[{"taxonomy":"category","embeddable":true,"href":"https:\/\/www.anjela.org\/oberenn\/wp-json\/wp\/v2\/categories?post=1882"},{"taxonomy":"post_tag","embeddable":true,"href":"https:\/\/www.anjela.org\/oberenn\/wp-json\/wp\/v2\/tags?post=1882"}],"curies":[{"name":"wp","href":"https:\/\/api.w.org\/{rel}","templated":true}]}}