{"id":1880,"date":"2017-10-10T00:44:35","date_gmt":"2017-10-09T22:44:35","guid":{"rendered":"http:\/\/www.anjela.org\/oberenn\/?p=1880"},"modified":"2018-03-02T17:28:39","modified_gmt":"2018-03-02T16:28:39","slug":"poemes-de-nuit-poemes-de-jour","status":"publish","type":"post","link":"https:\/\/www.anjela.org\/oberenn\/poemes-de-nuit-poemes-de-jour\/","title":{"rendered":"Po\u00e8mes de nuit, po\u00e8mes de jour"},"content":{"rendered":"<p>Si j&rsquo;\u00e9cris \u00e0 l&rsquo;ombre de ma lampe<br \/>\nDes vers maladroits et creux<br \/>\nAvec ce petit outil mal assur\u00e9 dans ma main lasse<br \/>\nSi j&rsquo;\u00e9cris le soir au dos d&rsquo;enveloppes<br \/>\nDes po\u00e8mes humbles : camelote<br \/>\nO\u00f9 l&rsquo;on ne trouve que des fleurs sauvages\u0085<br \/>\nEt quelques miettes d&rsquo;amour.<br \/>\nCar tout cela je le fais pour ceux que j&rsquo;aime.<\/p>\n<p>Mais j&rsquo;\u00e9cris, moi, d&rsquo;autres po\u00e8mes<br \/>\nEt ce n&rsquo;est pas \u00e0 l&rsquo;ombre de ma lampe<br \/>\nMais \u00e0 la lumi\u00e8re du soleil<br \/>\nCe n&rsquo;est pas au dos d&rsquo;enveloppes<br \/>\nMais sur la poitrine nue de Celui que j&rsquo;aime<br \/>\nSur la peau nue du Pays que j&rsquo;aime<br \/>\nCe n&rsquo;est pas avec un outil que j&rsquo;\u00e9cris<br \/>\nMais avec des instruments d&rsquo;acier.<br \/>\nJe ne parle pas de lance ou d&rsquo;\u00e9p\u00e9e<br \/>\nMes instruments sont de paix et de culture.<\/p>\n<p>Je n&rsquo;\u00e9cris pas des vers de douze pieds<br \/>\nEn comptant sur mes doigts<br \/>\nMais de douze fois douze enjamb\u00e9es\u0085 et plus.<br \/>\nMes vers, je les \u00e9cris avec l&rsquo;acier tranchant de ma faux<br \/>\nAndain apr\u00e8s andain dans les cheveux blonds de mon Pays<br \/>\nLe soleil en fait des po\u00e8mes aromatiques<br \/>\nQue mes vaches ruminent pendant les nuits d&rsquo;hiver<\/p>\n<p>Mes vers je les \u00e9cris avec le soc de la charrue<br \/>\nDans la chair vivante de ma Bretagne, sillon apr\u00e8s sillon<br \/>\n\u0097 J&rsquo;y dissimule des graines d&rsquo;or \u0097<br \/>\nLe Printemps en fera des po\u00e8mes :<br \/>\nMers d&rsquo;\u00e9meraude ondulant dans la brise<br \/>\nL&rsquo;\u00e9t\u00e9 en fera des \u00e9tangs d&rsquo;\u00e9pis<br \/>\nLe vent d&rsquo;ao\u00fbt les mettra en musique<br \/>\nEt le ch\u009cur de la batteuse me chantera<br \/>\nLes journ\u00e9es ardentes du huiti\u00e8me mois<br \/>\nLes journ\u00e9es de peine de poussi\u00e8re de sueur.<br \/>\nMes Po\u00e8mes sacr\u00e9s et\u0085 m\u00e9pris\u00e9s !<\/p>\n<p>Janvier 1966<\/p>\n<p>(Traduction Paol Keineg)<\/p>\n<p><a href=http:\/\/www.anjela.org\/oberenn\/barzhonegou-noz-barzhonegou-deiz\/?lang=bz>Ce po\u00e8me en breton<\/a><\/p>\n","protected":false},"excerpt":{"rendered":"<p>Si j&rsquo;\u00e9cris \u00e0 l&rsquo;ombre de ma lampe Des vers maladroits et creux Avec ce petit outil mal assur\u00e9 dans ma main lasse [&hellip;]<\/p>\n","protected":false},"author":1,"featured_media":0,"comment_status":"closed","ping_status":"open","sticky":false,"template":"","format":"standard","meta":{"_acf_changed":false,"ngg_post_thumbnail":0,"footnotes":""},"categories":[3,7],"tags":[],"class_list":["post-1880","post","type-post","status-publish","format-standard","hentry","category-poemes","category-anjelatrad"],"acf":[],"yoast_head":"<!-- This site is optimized with the Yoast SEO plugin v27.5 - https:\/\/yoast.com\/product\/yoast-seo-wordpress\/ -->\n<title>Po\u00e8mes de nuit, po\u00e8mes de jour - Anjela Duval<\/title>\n<meta name=\"robots\" content=\"index, follow, max-snippet:-1, max-image-preview:large, max-video-preview:-1\" \/>\n<link rel=\"canonical\" href=\"https:\/\/www.anjela.org\/oberenn\/poemes-de-nuit-poemes-de-jour\/\" \/>\n<meta property=\"og:locale\" content=\"fr_FR\" \/>\n<meta property=\"og:type\" content=\"article\" \/>\n<meta property=\"og:title\" content=\"Po\u00e8mes de nuit, po\u00e8mes de jour - Anjela Duval\" \/>\n<meta property=\"og:description\" content=\"Si j&rsquo;\u00e9cris \u00e0 l&rsquo;ombre de ma lampe Des vers maladroits et creux Avec ce petit outil mal assur\u00e9 dans ma main lasse [&hellip;]\" \/>\n<meta property=\"og:url\" content=\"https:\/\/www.anjela.org\/oberenn\/poemes-de-nuit-poemes-de-jour\/\" \/>\n<meta property=\"og:site_name\" content=\"Anjela Duval\" \/>\n<meta property=\"article:published_time\" content=\"2017-10-09T22:44:35+00:00\" \/>\n<meta property=\"article:modified_time\" content=\"2018-03-02T16:28:39+00:00\" \/>\n<meta name=\"author\" content=\"Anjela-Adm\" \/>\n<meta name=\"twitter:card\" content=\"summary_large_image\" \/>\n<meta name=\"twitter:label1\" content=\"\u00c9crit par\" \/>\n\t<meta name=\"twitter:data1\" content=\"Anjela-Adm\" \/>\n\t<meta name=\"twitter:label2\" content=\"Dur\u00e9e de lecture estim\u00e9e\" \/>\n\t<meta name=\"twitter:data2\" content=\"1 minute\" \/>\n<script type=\"application\/ld+json\" class=\"yoast-schema-graph\">{\"@context\":\"https:\\\/\\\/schema.org\",\"@graph\":[{\"@type\":\"Article\",\"@id\":\"https:\\\/\\\/www.anjela.org\\\/oberenn\\\/poemes-de-nuit-poemes-de-jour\\\/#article\",\"isPartOf\":{\"@id\":\"https:\\\/\\\/www.anjela.org\\\/oberenn\\\/poemes-de-nuit-poemes-de-jour\\\/\"},\"author\":{\"name\":\"Anjela-Adm\",\"@id\":\"https:\\\/\\\/www.anjela.org\\\/oberenn\\\/#\\\/schema\\\/person\\\/3f46341919a3b7c3ae6a0b10f114ff0c\"},\"headline\":\"Po\u00e8mes de nuit, po\u00e8mes de jour\",\"datePublished\":\"2017-10-09T22:44:35+00:00\",\"dateModified\":\"2018-03-02T16:28:39+00:00\",\"mainEntityOfPage\":{\"@id\":\"https:\\\/\\\/www.anjela.org\\\/oberenn\\\/poemes-de-nuit-poemes-de-jour\\\/\"},\"wordCount\":323,\"publisher\":{\"@id\":\"https:\\\/\\\/www.anjela.org\\\/oberenn\\\/#organization\"},\"articleSection\":[\"Po\u00e8mes\",\"Po\u00e8mes d\u2019Anjela Duval traduits\"],\"inLanguage\":\"fr-FR\"},{\"@type\":\"WebPage\",\"@id\":\"https:\\\/\\\/www.anjela.org\\\/oberenn\\\/poemes-de-nuit-poemes-de-jour\\\/\",\"url\":\"https:\\\/\\\/www.anjela.org\\\/oberenn\\\/poemes-de-nuit-poemes-de-jour\\\/\",\"name\":\"Po\u00e8mes de nuit, po\u00e8mes de jour - Anjela Duval\",\"isPartOf\":{\"@id\":\"https:\\\/\\\/www.anjela.org\\\/oberenn\\\/#website\"},\"datePublished\":\"2017-10-09T22:44:35+00:00\",\"dateModified\":\"2018-03-02T16:28:39+00:00\",\"breadcrumb\":{\"@id\":\"https:\\\/\\\/www.anjela.org\\\/oberenn\\\/poemes-de-nuit-poemes-de-jour\\\/#breadcrumb\"},\"inLanguage\":\"fr-FR\",\"potentialAction\":[{\"@type\":\"ReadAction\",\"target\":[\"https:\\\/\\\/www.anjela.org\\\/oberenn\\\/poemes-de-nuit-poemes-de-jour\\\/\"]}]},{\"@type\":\"BreadcrumbList\",\"@id\":\"https:\\\/\\\/www.anjela.org\\\/oberenn\\\/poemes-de-nuit-poemes-de-jour\\\/#breadcrumb\",\"itemListElement\":[{\"@type\":\"ListItem\",\"position\":1,\"name\":\"Accueil\",\"item\":\"https:\\\/\\\/www.anjela.org\\\/oberenn\\\/\"},{\"@type\":\"ListItem\",\"position\":2,\"name\":\"Po\u00e8mes de nuit, po\u00e8mes de jour\"}]},{\"@type\":\"WebSite\",\"@id\":\"https:\\\/\\\/www.anjela.org\\\/oberenn\\\/#website\",\"url\":\"https:\\\/\\\/www.anjela.org\\\/oberenn\\\/\",\"name\":\"Anjela Duval\",\"description\":\"\",\"publisher\":{\"@id\":\"https:\\\/\\\/www.anjela.org\\\/oberenn\\\/#organization\"},\"potentialAction\":[{\"@type\":\"SearchAction\",\"target\":{\"@type\":\"EntryPoint\",\"urlTemplate\":\"https:\\\/\\\/www.anjela.org\\\/oberenn\\\/?s={search_term_string}\"},\"query-input\":{\"@type\":\"PropertyValueSpecification\",\"valueRequired\":true,\"valueName\":\"search_term_string\"}}],\"inLanguage\":\"fr-FR\"},{\"@type\":\"Organization\",\"@id\":\"https:\\\/\\\/www.anjela.org\\\/oberenn\\\/#organization\",\"name\":\"Mignoned Anjela\",\"url\":\"https:\\\/\\\/www.anjela.org\\\/oberenn\\\/\",\"logo\":{\"@type\":\"ImageObject\",\"inLanguage\":\"fr-FR\",\"@id\":\"https:\\\/\\\/www.anjela.org\\\/oberenn\\\/#\\\/schema\\\/logo\\\/image\\\/\",\"url\":\"https:\\\/\\\/www.anjela.org\\\/oberenn\\\/wp-content\\\/uploads\\\/2019\\\/11\\\/logo-mignoned-angela.png\",\"contentUrl\":\"https:\\\/\\\/www.anjela.org\\\/oberenn\\\/wp-content\\\/uploads\\\/2019\\\/11\\\/logo-mignoned-angela.png\",\"width\":248,\"height\":147,\"caption\":\"Mignoned Anjela\"},\"image\":{\"@id\":\"https:\\\/\\\/www.anjela.org\\\/oberenn\\\/#\\\/schema\\\/logo\\\/image\\\/\"}},{\"@type\":\"Person\",\"@id\":\"https:\\\/\\\/www.anjela.org\\\/oberenn\\\/#\\\/schema\\\/person\\\/3f46341919a3b7c3ae6a0b10f114ff0c\",\"name\":\"Anjela-Adm\",\"image\":{\"@type\":\"ImageObject\",\"inLanguage\":\"fr-FR\",\"@id\":\"https:\\\/\\\/secure.gravatar.com\\\/avatar\\\/565733aed00fbe7269248aac9873ac3ab8fdb55026c20fd5125b560451088f34?s=96&d=mm&r=g\",\"url\":\"https:\\\/\\\/secure.gravatar.com\\\/avatar\\\/565733aed00fbe7269248aac9873ac3ab8fdb55026c20fd5125b560451088f34?s=96&d=mm&r=g\",\"contentUrl\":\"https:\\\/\\\/secure.gravatar.com\\\/avatar\\\/565733aed00fbe7269248aac9873ac3ab8fdb55026c20fd5125b560451088f34?s=96&d=mm&r=g\",\"caption\":\"Anjela-Adm\"}}]}<\/script>\n<!-- \/ Yoast SEO plugin. -->","yoast_head_json":{"title":"Po\u00e8mes de nuit, po\u00e8mes de jour - Anjela Duval","robots":{"index":"index","follow":"follow","max-snippet":"max-snippet:-1","max-image-preview":"max-image-preview:large","max-video-preview":"max-video-preview:-1"},"canonical":"https:\/\/www.anjela.org\/oberenn\/poemes-de-nuit-poemes-de-jour\/","og_locale":"fr_FR","og_type":"article","og_title":"Po\u00e8mes de nuit, po\u00e8mes de jour - Anjela Duval","og_description":"Si j&rsquo;\u00e9cris \u00e0 l&rsquo;ombre de ma lampe Des vers maladroits et creux Avec ce petit outil mal assur\u00e9 dans ma main lasse [&hellip;]","og_url":"https:\/\/www.anjela.org\/oberenn\/poemes-de-nuit-poemes-de-jour\/","og_site_name":"Anjela Duval","article_published_time":"2017-10-09T22:44:35+00:00","article_modified_time":"2018-03-02T16:28:39+00:00","author":"Anjela-Adm","twitter_card":"summary_large_image","twitter_misc":{"\u00c9crit par":"Anjela-Adm","Dur\u00e9e de lecture estim\u00e9e":"1 minute"},"schema":{"@context":"https:\/\/schema.org","@graph":[{"@type":"Article","@id":"https:\/\/www.anjela.org\/oberenn\/poemes-de-nuit-poemes-de-jour\/#article","isPartOf":{"@id":"https:\/\/www.anjela.org\/oberenn\/poemes-de-nuit-poemes-de-jour\/"},"author":{"name":"Anjela-Adm","@id":"https:\/\/www.anjela.org\/oberenn\/#\/schema\/person\/3f46341919a3b7c3ae6a0b10f114ff0c"},"headline":"Po\u00e8mes de nuit, po\u00e8mes de jour","datePublished":"2017-10-09T22:44:35+00:00","dateModified":"2018-03-02T16:28:39+00:00","mainEntityOfPage":{"@id":"https:\/\/www.anjela.org\/oberenn\/poemes-de-nuit-poemes-de-jour\/"},"wordCount":323,"publisher":{"@id":"https:\/\/www.anjela.org\/oberenn\/#organization"},"articleSection":["Po\u00e8mes","Po\u00e8mes d\u2019Anjela Duval traduits"],"inLanguage":"fr-FR"},{"@type":"WebPage","@id":"https:\/\/www.anjela.org\/oberenn\/poemes-de-nuit-poemes-de-jour\/","url":"https:\/\/www.anjela.org\/oberenn\/poemes-de-nuit-poemes-de-jour\/","name":"Po\u00e8mes de nuit, po\u00e8mes de jour - Anjela Duval","isPartOf":{"@id":"https:\/\/www.anjela.org\/oberenn\/#website"},"datePublished":"2017-10-09T22:44:35+00:00","dateModified":"2018-03-02T16:28:39+00:00","breadcrumb":{"@id":"https:\/\/www.anjela.org\/oberenn\/poemes-de-nuit-poemes-de-jour\/#breadcrumb"},"inLanguage":"fr-FR","potentialAction":[{"@type":"ReadAction","target":["https:\/\/www.anjela.org\/oberenn\/poemes-de-nuit-poemes-de-jour\/"]}]},{"@type":"BreadcrumbList","@id":"https:\/\/www.anjela.org\/oberenn\/poemes-de-nuit-poemes-de-jour\/#breadcrumb","itemListElement":[{"@type":"ListItem","position":1,"name":"Accueil","item":"https:\/\/www.anjela.org\/oberenn\/"},{"@type":"ListItem","position":2,"name":"Po\u00e8mes de nuit, po\u00e8mes de jour"}]},{"@type":"WebSite","@id":"https:\/\/www.anjela.org\/oberenn\/#website","url":"https:\/\/www.anjela.org\/oberenn\/","name":"Anjela Duval","description":"","publisher":{"@id":"https:\/\/www.anjela.org\/oberenn\/#organization"},"potentialAction":[{"@type":"SearchAction","target":{"@type":"EntryPoint","urlTemplate":"https:\/\/www.anjela.org\/oberenn\/?s={search_term_string}"},"query-input":{"@type":"PropertyValueSpecification","valueRequired":true,"valueName":"search_term_string"}}],"inLanguage":"fr-FR"},{"@type":"Organization","@id":"https:\/\/www.anjela.org\/oberenn\/#organization","name":"Mignoned Anjela","url":"https:\/\/www.anjela.org\/oberenn\/","logo":{"@type":"ImageObject","inLanguage":"fr-FR","@id":"https:\/\/www.anjela.org\/oberenn\/#\/schema\/logo\/image\/","url":"https:\/\/www.anjela.org\/oberenn\/wp-content\/uploads\/2019\/11\/logo-mignoned-angela.png","contentUrl":"https:\/\/www.anjela.org\/oberenn\/wp-content\/uploads\/2019\/11\/logo-mignoned-angela.png","width":248,"height":147,"caption":"Mignoned Anjela"},"image":{"@id":"https:\/\/www.anjela.org\/oberenn\/#\/schema\/logo\/image\/"}},{"@type":"Person","@id":"https:\/\/www.anjela.org\/oberenn\/#\/schema\/person\/3f46341919a3b7c3ae6a0b10f114ff0c","name":"Anjela-Adm","image":{"@type":"ImageObject","inLanguage":"fr-FR","@id":"https:\/\/secure.gravatar.com\/avatar\/565733aed00fbe7269248aac9873ac3ab8fdb55026c20fd5125b560451088f34?s=96&d=mm&r=g","url":"https:\/\/secure.gravatar.com\/avatar\/565733aed00fbe7269248aac9873ac3ab8fdb55026c20fd5125b560451088f34?s=96&d=mm&r=g","contentUrl":"https:\/\/secure.gravatar.com\/avatar\/565733aed00fbe7269248aac9873ac3ab8fdb55026c20fd5125b560451088f34?s=96&d=mm&r=g","caption":"Anjela-Adm"}}]}},"_links":{"self":[{"href":"https:\/\/www.anjela.org\/oberenn\/wp-json\/wp\/v2\/posts\/1880","targetHints":{"allow":["GET"]}}],"collection":[{"href":"https:\/\/www.anjela.org\/oberenn\/wp-json\/wp\/v2\/posts"}],"about":[{"href":"https:\/\/www.anjela.org\/oberenn\/wp-json\/wp\/v2\/types\/post"}],"author":[{"embeddable":true,"href":"https:\/\/www.anjela.org\/oberenn\/wp-json\/wp\/v2\/users\/1"}],"replies":[{"embeddable":true,"href":"https:\/\/www.anjela.org\/oberenn\/wp-json\/wp\/v2\/comments?post=1880"}],"version-history":[{"count":0,"href":"https:\/\/www.anjela.org\/oberenn\/wp-json\/wp\/v2\/posts\/1880\/revisions"}],"wp:attachment":[{"href":"https:\/\/www.anjela.org\/oberenn\/wp-json\/wp\/v2\/media?parent=1880"}],"wp:term":[{"taxonomy":"category","embeddable":true,"href":"https:\/\/www.anjela.org\/oberenn\/wp-json\/wp\/v2\/categories?post=1880"},{"taxonomy":"post_tag","embeddable":true,"href":"https:\/\/www.anjela.org\/oberenn\/wp-json\/wp\/v2\/tags?post=1880"}],"curies":[{"name":"wp","href":"https:\/\/api.w.org\/{rel}","templated":true}]}}