{"id":1877,"date":"2017-10-10T00:43:32","date_gmt":"2017-10-09T22:43:32","guid":{"rendered":"http:\/\/www.anjela.org\/oberenn\/?p=1877"},"modified":"2018-03-02T17:28:07","modified_gmt":"2018-03-02T16:28:07","slug":"procession-de-nuit-2","status":"publish","type":"post","link":"https:\/\/www.anjela.org\/oberenn\/procession-de-nuit-2\/","title":{"rendered":"Procession de nuit"},"content":{"rendered":"<p>\u0085 Nuit suave. Nuit de mai.<br \/>\nNuances d&rsquo;incertitude<br \/>\nA la lumi\u00e8re timide de la lune.<br \/>\nLa Terre est assoupie<br \/>\nDans sa couverture ti\u00e8de.<br \/>\nLes arbres somnolent<br \/>\nDans leur nouvel habit.<br \/>\n\u00c9puis\u00e9s de chants d&rsquo;amour<br \/>\nLes oiseaux dorment<br \/>\nEt moi je r\u00eave<br \/>\nJe r\u00eavasse<br \/>\n\u00c9blouie par le parfum des lilas<br \/>\nEt les pommiers en fleurs.<br \/>\n\u0085 L\u00e0-bas, au loin, sur la Colline<br \/>\nParmi les gen\u00eats aux fleurs de lune<br \/>\nQu&rsquo;est-ce qui erre ?\u0085 Gigantesques<br \/>\nSe d\u00e9coupant sur l&rsquo;horizon<br \/>\nUne curieuse rang\u00e9e d&rsquo;ombres insolites.<br \/>\n\u0097 Un cort\u00e8ge muet<br \/>\nFant\u00f4mes ou humains ?<br \/>\nP\u00e8lerins d&rsquo;un sanctuaire ?<br \/>\n\u0085 Ils avaient l\u00e0 une maison jadis<br \/>\nFiacre, Herbot, Magloire, Tual !<br \/>\nIls se sont depuis longtemps effondr\u00e9s<br \/>\nEt les sources se sont taries<br \/>\nO Saints de mon Pays !<br \/>\nO gens de mon Pays !<\/p>\n<p>Je ne r\u00eave pas. Je ne r\u00eavasse plus<br \/>\nMon cort\u00e8ge d&rsquo;ombres noires ?<br \/>\nA la lumi\u00e8re du jour : les pins de Roz-Pabu\u0085<\/p>\n<p>5 mai 1966<\/p>\n<p>(Traduction Paol Keineg)<\/p>\n<p><a href=http:\/\/www.anjela.org\/oberenn\/prosesion-noz\/?lang=bz>Ce po\u00e8me en breton<\/a><\/p>\n","protected":false},"excerpt":{"rendered":"<p>\u0085 Nuit suave. Nuit de mai. Nuances d&rsquo;incertitude A la lumi\u00e8re timide de la lune. La Terre est assoupie Dans sa couverture [&hellip;]<\/p>\n","protected":false},"author":1,"featured_media":0,"comment_status":"closed","ping_status":"open","sticky":false,"template":"","format":"standard","meta":{"_acf_changed":false,"ngg_post_thumbnail":0,"footnotes":""},"categories":[3,7],"tags":[],"class_list":["post-1877","post","type-post","status-publish","format-standard","hentry","category-poemes","category-anjelatrad"],"acf":[],"yoast_head":"<!-- This site is optimized with the Yoast SEO plugin v27.5 - https:\/\/yoast.com\/product\/yoast-seo-wordpress\/ -->\n<title>Procession de nuit - Anjela Duval<\/title>\n<meta name=\"robots\" content=\"index, follow, max-snippet:-1, max-image-preview:large, max-video-preview:-1\" \/>\n<link rel=\"canonical\" href=\"https:\/\/www.anjela.org\/oberenn\/procession-de-nuit-2\/\" \/>\n<meta property=\"og:locale\" content=\"fr_FR\" \/>\n<meta property=\"og:type\" content=\"article\" \/>\n<meta property=\"og:title\" content=\"Procession de nuit - Anjela Duval\" \/>\n<meta property=\"og:description\" content=\"\u0085 Nuit suave. Nuit de mai. Nuances d&rsquo;incertitude A la lumi\u00e8re timide de la lune. La Terre est assoupie Dans sa couverture [&hellip;]\" \/>\n<meta property=\"og:url\" content=\"https:\/\/www.anjela.org\/oberenn\/procession-de-nuit-2\/\" \/>\n<meta property=\"og:site_name\" content=\"Anjela Duval\" \/>\n<meta property=\"article:published_time\" content=\"2017-10-09T22:43:32+00:00\" \/>\n<meta property=\"article:modified_time\" content=\"2018-03-02T16:28:07+00:00\" \/>\n<meta name=\"author\" content=\"Anjela-Adm\" \/>\n<meta name=\"twitter:card\" content=\"summary_large_image\" \/>\n<meta name=\"twitter:label1\" content=\"\u00c9crit par\" \/>\n\t<meta name=\"twitter:data1\" content=\"Anjela-Adm\" \/>\n\t<meta name=\"twitter:label2\" content=\"Dur\u00e9e de lecture estim\u00e9e\" \/>\n\t<meta name=\"twitter:data2\" content=\"1 minute\" \/>\n<script type=\"application\/ld+json\" class=\"yoast-schema-graph\">{\"@context\":\"https:\\\/\\\/schema.org\",\"@graph\":[{\"@type\":\"Article\",\"@id\":\"https:\\\/\\\/www.anjela.org\\\/oberenn\\\/procession-de-nuit-2\\\/#article\",\"isPartOf\":{\"@id\":\"https:\\\/\\\/www.anjela.org\\\/oberenn\\\/procession-de-nuit-2\\\/\"},\"author\":{\"name\":\"Anjela-Adm\",\"@id\":\"https:\\\/\\\/www.anjela.org\\\/oberenn\\\/#\\\/schema\\\/person\\\/3f46341919a3b7c3ae6a0b10f114ff0c\"},\"headline\":\"Procession de nuit\",\"datePublished\":\"2017-10-09T22:43:32+00:00\",\"dateModified\":\"2018-03-02T16:28:07+00:00\",\"mainEntityOfPage\":{\"@id\":\"https:\\\/\\\/www.anjela.org\\\/oberenn\\\/procession-de-nuit-2\\\/\"},\"wordCount\":177,\"publisher\":{\"@id\":\"https:\\\/\\\/www.anjela.org\\\/oberenn\\\/#organization\"},\"articleSection\":[\"Po\u00e8mes\",\"Po\u00e8mes d\u2019Anjela Duval traduits\"],\"inLanguage\":\"fr-FR\"},{\"@type\":\"WebPage\",\"@id\":\"https:\\\/\\\/www.anjela.org\\\/oberenn\\\/procession-de-nuit-2\\\/\",\"url\":\"https:\\\/\\\/www.anjela.org\\\/oberenn\\\/procession-de-nuit-2\\\/\",\"name\":\"Procession de nuit - Anjela Duval\",\"isPartOf\":{\"@id\":\"https:\\\/\\\/www.anjela.org\\\/oberenn\\\/#website\"},\"datePublished\":\"2017-10-09T22:43:32+00:00\",\"dateModified\":\"2018-03-02T16:28:07+00:00\",\"breadcrumb\":{\"@id\":\"https:\\\/\\\/www.anjela.org\\\/oberenn\\\/procession-de-nuit-2\\\/#breadcrumb\"},\"inLanguage\":\"fr-FR\",\"potentialAction\":[{\"@type\":\"ReadAction\",\"target\":[\"https:\\\/\\\/www.anjela.org\\\/oberenn\\\/procession-de-nuit-2\\\/\"]}]},{\"@type\":\"BreadcrumbList\",\"@id\":\"https:\\\/\\\/www.anjela.org\\\/oberenn\\\/procession-de-nuit-2\\\/#breadcrumb\",\"itemListElement\":[{\"@type\":\"ListItem\",\"position\":1,\"name\":\"Accueil\",\"item\":\"https:\\\/\\\/www.anjela.org\\\/oberenn\\\/\"},{\"@type\":\"ListItem\",\"position\":2,\"name\":\"Procession de nuit\"}]},{\"@type\":\"WebSite\",\"@id\":\"https:\\\/\\\/www.anjela.org\\\/oberenn\\\/#website\",\"url\":\"https:\\\/\\\/www.anjela.org\\\/oberenn\\\/\",\"name\":\"Anjela Duval\",\"description\":\"\",\"publisher\":{\"@id\":\"https:\\\/\\\/www.anjela.org\\\/oberenn\\\/#organization\"},\"potentialAction\":[{\"@type\":\"SearchAction\",\"target\":{\"@type\":\"EntryPoint\",\"urlTemplate\":\"https:\\\/\\\/www.anjela.org\\\/oberenn\\\/?s={search_term_string}\"},\"query-input\":{\"@type\":\"PropertyValueSpecification\",\"valueRequired\":true,\"valueName\":\"search_term_string\"}}],\"inLanguage\":\"fr-FR\"},{\"@type\":\"Organization\",\"@id\":\"https:\\\/\\\/www.anjela.org\\\/oberenn\\\/#organization\",\"name\":\"Mignoned Anjela\",\"url\":\"https:\\\/\\\/www.anjela.org\\\/oberenn\\\/\",\"logo\":{\"@type\":\"ImageObject\",\"inLanguage\":\"fr-FR\",\"@id\":\"https:\\\/\\\/www.anjela.org\\\/oberenn\\\/#\\\/schema\\\/logo\\\/image\\\/\",\"url\":\"https:\\\/\\\/www.anjela.org\\\/oberenn\\\/wp-content\\\/uploads\\\/2019\\\/11\\\/logo-mignoned-angela.png\",\"contentUrl\":\"https:\\\/\\\/www.anjela.org\\\/oberenn\\\/wp-content\\\/uploads\\\/2019\\\/11\\\/logo-mignoned-angela.png\",\"width\":248,\"height\":147,\"caption\":\"Mignoned Anjela\"},\"image\":{\"@id\":\"https:\\\/\\\/www.anjela.org\\\/oberenn\\\/#\\\/schema\\\/logo\\\/image\\\/\"}},{\"@type\":\"Person\",\"@id\":\"https:\\\/\\\/www.anjela.org\\\/oberenn\\\/#\\\/schema\\\/person\\\/3f46341919a3b7c3ae6a0b10f114ff0c\",\"name\":\"Anjela-Adm\",\"image\":{\"@type\":\"ImageObject\",\"inLanguage\":\"fr-FR\",\"@id\":\"https:\\\/\\\/secure.gravatar.com\\\/avatar\\\/565733aed00fbe7269248aac9873ac3ab8fdb55026c20fd5125b560451088f34?s=96&d=mm&r=g\",\"url\":\"https:\\\/\\\/secure.gravatar.com\\\/avatar\\\/565733aed00fbe7269248aac9873ac3ab8fdb55026c20fd5125b560451088f34?s=96&d=mm&r=g\",\"contentUrl\":\"https:\\\/\\\/secure.gravatar.com\\\/avatar\\\/565733aed00fbe7269248aac9873ac3ab8fdb55026c20fd5125b560451088f34?s=96&d=mm&r=g\",\"caption\":\"Anjela-Adm\"}}]}<\/script>\n<!-- \/ Yoast SEO plugin. -->","yoast_head_json":{"title":"Procession de nuit - Anjela Duval","robots":{"index":"index","follow":"follow","max-snippet":"max-snippet:-1","max-image-preview":"max-image-preview:large","max-video-preview":"max-video-preview:-1"},"canonical":"https:\/\/www.anjela.org\/oberenn\/procession-de-nuit-2\/","og_locale":"fr_FR","og_type":"article","og_title":"Procession de nuit - Anjela Duval","og_description":"\u0085 Nuit suave. Nuit de mai. Nuances d&rsquo;incertitude A la lumi\u00e8re timide de la lune. La Terre est assoupie Dans sa couverture [&hellip;]","og_url":"https:\/\/www.anjela.org\/oberenn\/procession-de-nuit-2\/","og_site_name":"Anjela Duval","article_published_time":"2017-10-09T22:43:32+00:00","article_modified_time":"2018-03-02T16:28:07+00:00","author":"Anjela-Adm","twitter_card":"summary_large_image","twitter_misc":{"\u00c9crit par":"Anjela-Adm","Dur\u00e9e de lecture estim\u00e9e":"1 minute"},"schema":{"@context":"https:\/\/schema.org","@graph":[{"@type":"Article","@id":"https:\/\/www.anjela.org\/oberenn\/procession-de-nuit-2\/#article","isPartOf":{"@id":"https:\/\/www.anjela.org\/oberenn\/procession-de-nuit-2\/"},"author":{"name":"Anjela-Adm","@id":"https:\/\/www.anjela.org\/oberenn\/#\/schema\/person\/3f46341919a3b7c3ae6a0b10f114ff0c"},"headline":"Procession de nuit","datePublished":"2017-10-09T22:43:32+00:00","dateModified":"2018-03-02T16:28:07+00:00","mainEntityOfPage":{"@id":"https:\/\/www.anjela.org\/oberenn\/procession-de-nuit-2\/"},"wordCount":177,"publisher":{"@id":"https:\/\/www.anjela.org\/oberenn\/#organization"},"articleSection":["Po\u00e8mes","Po\u00e8mes d\u2019Anjela Duval traduits"],"inLanguage":"fr-FR"},{"@type":"WebPage","@id":"https:\/\/www.anjela.org\/oberenn\/procession-de-nuit-2\/","url":"https:\/\/www.anjela.org\/oberenn\/procession-de-nuit-2\/","name":"Procession de nuit - Anjela Duval","isPartOf":{"@id":"https:\/\/www.anjela.org\/oberenn\/#website"},"datePublished":"2017-10-09T22:43:32+00:00","dateModified":"2018-03-02T16:28:07+00:00","breadcrumb":{"@id":"https:\/\/www.anjela.org\/oberenn\/procession-de-nuit-2\/#breadcrumb"},"inLanguage":"fr-FR","potentialAction":[{"@type":"ReadAction","target":["https:\/\/www.anjela.org\/oberenn\/procession-de-nuit-2\/"]}]},{"@type":"BreadcrumbList","@id":"https:\/\/www.anjela.org\/oberenn\/procession-de-nuit-2\/#breadcrumb","itemListElement":[{"@type":"ListItem","position":1,"name":"Accueil","item":"https:\/\/www.anjela.org\/oberenn\/"},{"@type":"ListItem","position":2,"name":"Procession de nuit"}]},{"@type":"WebSite","@id":"https:\/\/www.anjela.org\/oberenn\/#website","url":"https:\/\/www.anjela.org\/oberenn\/","name":"Anjela Duval","description":"","publisher":{"@id":"https:\/\/www.anjela.org\/oberenn\/#organization"},"potentialAction":[{"@type":"SearchAction","target":{"@type":"EntryPoint","urlTemplate":"https:\/\/www.anjela.org\/oberenn\/?s={search_term_string}"},"query-input":{"@type":"PropertyValueSpecification","valueRequired":true,"valueName":"search_term_string"}}],"inLanguage":"fr-FR"},{"@type":"Organization","@id":"https:\/\/www.anjela.org\/oberenn\/#organization","name":"Mignoned Anjela","url":"https:\/\/www.anjela.org\/oberenn\/","logo":{"@type":"ImageObject","inLanguage":"fr-FR","@id":"https:\/\/www.anjela.org\/oberenn\/#\/schema\/logo\/image\/","url":"https:\/\/www.anjela.org\/oberenn\/wp-content\/uploads\/2019\/11\/logo-mignoned-angela.png","contentUrl":"https:\/\/www.anjela.org\/oberenn\/wp-content\/uploads\/2019\/11\/logo-mignoned-angela.png","width":248,"height":147,"caption":"Mignoned Anjela"},"image":{"@id":"https:\/\/www.anjela.org\/oberenn\/#\/schema\/logo\/image\/"}},{"@type":"Person","@id":"https:\/\/www.anjela.org\/oberenn\/#\/schema\/person\/3f46341919a3b7c3ae6a0b10f114ff0c","name":"Anjela-Adm","image":{"@type":"ImageObject","inLanguage":"fr-FR","@id":"https:\/\/secure.gravatar.com\/avatar\/565733aed00fbe7269248aac9873ac3ab8fdb55026c20fd5125b560451088f34?s=96&d=mm&r=g","url":"https:\/\/secure.gravatar.com\/avatar\/565733aed00fbe7269248aac9873ac3ab8fdb55026c20fd5125b560451088f34?s=96&d=mm&r=g","contentUrl":"https:\/\/secure.gravatar.com\/avatar\/565733aed00fbe7269248aac9873ac3ab8fdb55026c20fd5125b560451088f34?s=96&d=mm&r=g","caption":"Anjela-Adm"}}]}},"_links":{"self":[{"href":"https:\/\/www.anjela.org\/oberenn\/wp-json\/wp\/v2\/posts\/1877","targetHints":{"allow":["GET"]}}],"collection":[{"href":"https:\/\/www.anjela.org\/oberenn\/wp-json\/wp\/v2\/posts"}],"about":[{"href":"https:\/\/www.anjela.org\/oberenn\/wp-json\/wp\/v2\/types\/post"}],"author":[{"embeddable":true,"href":"https:\/\/www.anjela.org\/oberenn\/wp-json\/wp\/v2\/users\/1"}],"replies":[{"embeddable":true,"href":"https:\/\/www.anjela.org\/oberenn\/wp-json\/wp\/v2\/comments?post=1877"}],"version-history":[{"count":0,"href":"https:\/\/www.anjela.org\/oberenn\/wp-json\/wp\/v2\/posts\/1877\/revisions"}],"wp:attachment":[{"href":"https:\/\/www.anjela.org\/oberenn\/wp-json\/wp\/v2\/media?parent=1877"}],"wp:term":[{"taxonomy":"category","embeddable":true,"href":"https:\/\/www.anjela.org\/oberenn\/wp-json\/wp\/v2\/categories?post=1877"},{"taxonomy":"post_tag","embeddable":true,"href":"https:\/\/www.anjela.org\/oberenn\/wp-json\/wp\/v2\/tags?post=1877"}],"curies":[{"name":"wp","href":"https:\/\/api.w.org\/{rel}","templated":true}]}}