{"id":1857,"date":"2017-10-10T00:21:22","date_gmt":"2017-10-09T22:21:22","guid":{"rendered":"http:\/\/www.anjela.org\/oberenn\/?p=1857"},"modified":"2018-03-02T17:14:31","modified_gmt":"2018-03-02T16:14:31","slug":"mon-village-2","status":"publish","type":"post","link":"https:\/\/www.anjela.org\/oberenn\/mon-village-2\/","title":{"rendered":"Mon village"},"content":{"rendered":"<p>Le Village est frapp\u00e9 de mutisme.<br \/>\nIl porte la couleur de la mort au cou.<br \/>\nLes battements de son c\u0153ur se sont arr\u00eat\u00e9s\u2026<\/p>\n<p>Je ne l&rsquo;entends plus vivre.<br \/>\nJe ne l&rsquo;entends plus parler.<br \/>\nJe ne l&rsquo;entends plus chanter.<br \/>\nJe ne l&rsquo;entends plus pleurer.<br \/>\nNi rire, ni \u00e9ternuer.<br \/>\nNi tousser. Ni m\u00eame soupirer !<br \/>\nIl est mort\u2026 Mort.<\/p>\n<p>Le chant du coq \u00e0 l&rsquo;aube s&rsquo;est tu<br \/>\nLe bruit des roues dans le chemin s&rsquo;est tu<br \/>\nLe fouet du charretier s&rsquo;est tu<br \/>\n(Et ses jurons !)<br \/>\nLe hennissement de la jument s&rsquo;est tu<br \/>\nQuand elle retrouvait son poulain.<br \/>\nFini le beuglement bas du taureau<br \/>\nLe b\u00ealement plaintif de l&rsquo;agneau nouveau-n\u00e9<br \/>\nPlus de vache pleurant sur son lait<br \/>\n(Les champs sont partis en friche !)<br \/>\nFinis les battoirs \u2014 et les Langues \u2014<br \/>\nAutour des lavoirs<br \/>\nCouverts de lentilles d&rsquo;eau.<br \/>\nLes sentiers o\u00f9 poussent les ronces<br \/>\nLes chemins charretiers envahis d&rsquo;herbe haute<\/p>\n<p>Un train au loin fonce vers la Capitale<br \/>\nDes oisillons conversent dans une langue obscure<br \/>\nInterrompus par le rire idiot du Pivert.<\/p>\n<p>31 ao\u00fbt 1967<\/p>\n<p>(Traduction Paol Keineg)<\/p>\n<p><a href=http:\/\/www.anjela.org\/oberenn\/va-cheriadenn\/?lang=bz>Ce po\u00e8me en breton<\/a><\/p>\n","protected":false},"excerpt":{"rendered":"<p>Le Village est frapp\u00e9 de mutisme. Il porte la couleur de la mort au cou. Les battements de son c\u0153ur se sont [&hellip;]<\/p>\n","protected":false},"author":1,"featured_media":0,"comment_status":"closed","ping_status":"open","sticky":false,"template":"","format":"standard","meta":{"_acf_changed":false,"ngg_post_thumbnail":0,"footnotes":""},"categories":[3,7],"tags":[],"class_list":["post-1857","post","type-post","status-publish","format-standard","hentry","category-poemes","category-anjelatrad"],"acf":[],"yoast_head":"<!-- This site is optimized with the Yoast SEO plugin v27.5 - https:\/\/yoast.com\/product\/yoast-seo-wordpress\/ -->\n<title>Mon village - Anjela Duval<\/title>\n<meta name=\"robots\" content=\"index, follow, max-snippet:-1, max-image-preview:large, max-video-preview:-1\" \/>\n<link rel=\"canonical\" href=\"https:\/\/www.anjela.org\/oberenn\/mon-village-2\/\" \/>\n<meta property=\"og:locale\" content=\"fr_FR\" \/>\n<meta property=\"og:type\" content=\"article\" \/>\n<meta property=\"og:title\" content=\"Mon village - Anjela Duval\" \/>\n<meta property=\"og:description\" content=\"Le Village est frapp\u00e9 de mutisme. Il porte la couleur de la mort au cou. Les battements de son c\u0153ur se sont [&hellip;]\" \/>\n<meta property=\"og:url\" content=\"https:\/\/www.anjela.org\/oberenn\/mon-village-2\/\" \/>\n<meta property=\"og:site_name\" content=\"Anjela Duval\" \/>\n<meta property=\"article:published_time\" content=\"2017-10-09T22:21:22+00:00\" \/>\n<meta property=\"article:modified_time\" content=\"2018-03-02T16:14:31+00:00\" \/>\n<meta name=\"author\" content=\"Anjela-Adm\" \/>\n<meta name=\"twitter:card\" content=\"summary_large_image\" \/>\n<meta name=\"twitter:label1\" content=\"\u00c9crit par\" \/>\n\t<meta name=\"twitter:data1\" content=\"Anjela-Adm\" \/>\n\t<meta name=\"twitter:label2\" content=\"Dur\u00e9e de lecture estim\u00e9e\" \/>\n\t<meta name=\"twitter:data2\" content=\"1 minute\" \/>\n<script type=\"application\/ld+json\" class=\"yoast-schema-graph\">{\"@context\":\"https:\\\/\\\/schema.org\",\"@graph\":[{\"@type\":\"Article\",\"@id\":\"https:\\\/\\\/www.anjela.org\\\/oberenn\\\/mon-village-2\\\/#article\",\"isPartOf\":{\"@id\":\"https:\\\/\\\/www.anjela.org\\\/oberenn\\\/mon-village-2\\\/\"},\"author\":{\"name\":\"Anjela-Adm\",\"@id\":\"https:\\\/\\\/www.anjela.org\\\/oberenn\\\/#\\\/schema\\\/person\\\/3f46341919a3b7c3ae6a0b10f114ff0c\"},\"headline\":\"Mon village\",\"datePublished\":\"2017-10-09T22:21:22+00:00\",\"dateModified\":\"2018-03-02T16:14:31+00:00\",\"mainEntityOfPage\":{\"@id\":\"https:\\\/\\\/www.anjela.org\\\/oberenn\\\/mon-village-2\\\/\"},\"wordCount\":194,\"publisher\":{\"@id\":\"https:\\\/\\\/www.anjela.org\\\/oberenn\\\/#organization\"},\"articleSection\":[\"Po\u00e8mes\",\"Po\u00e8mes d\u2019Anjela Duval traduits\"],\"inLanguage\":\"fr-FR\"},{\"@type\":\"WebPage\",\"@id\":\"https:\\\/\\\/www.anjela.org\\\/oberenn\\\/mon-village-2\\\/\",\"url\":\"https:\\\/\\\/www.anjela.org\\\/oberenn\\\/mon-village-2\\\/\",\"name\":\"Mon village - Anjela Duval\",\"isPartOf\":{\"@id\":\"https:\\\/\\\/www.anjela.org\\\/oberenn\\\/#website\"},\"datePublished\":\"2017-10-09T22:21:22+00:00\",\"dateModified\":\"2018-03-02T16:14:31+00:00\",\"breadcrumb\":{\"@id\":\"https:\\\/\\\/www.anjela.org\\\/oberenn\\\/mon-village-2\\\/#breadcrumb\"},\"inLanguage\":\"fr-FR\",\"potentialAction\":[{\"@type\":\"ReadAction\",\"target\":[\"https:\\\/\\\/www.anjela.org\\\/oberenn\\\/mon-village-2\\\/\"]}]},{\"@type\":\"BreadcrumbList\",\"@id\":\"https:\\\/\\\/www.anjela.org\\\/oberenn\\\/mon-village-2\\\/#breadcrumb\",\"itemListElement\":[{\"@type\":\"ListItem\",\"position\":1,\"name\":\"Accueil\",\"item\":\"https:\\\/\\\/www.anjela.org\\\/oberenn\\\/\"},{\"@type\":\"ListItem\",\"position\":2,\"name\":\"Mon village\"}]},{\"@type\":\"WebSite\",\"@id\":\"https:\\\/\\\/www.anjela.org\\\/oberenn\\\/#website\",\"url\":\"https:\\\/\\\/www.anjela.org\\\/oberenn\\\/\",\"name\":\"Anjela Duval\",\"description\":\"\",\"publisher\":{\"@id\":\"https:\\\/\\\/www.anjela.org\\\/oberenn\\\/#organization\"},\"potentialAction\":[{\"@type\":\"SearchAction\",\"target\":{\"@type\":\"EntryPoint\",\"urlTemplate\":\"https:\\\/\\\/www.anjela.org\\\/oberenn\\\/?s={search_term_string}\"},\"query-input\":{\"@type\":\"PropertyValueSpecification\",\"valueRequired\":true,\"valueName\":\"search_term_string\"}}],\"inLanguage\":\"fr-FR\"},{\"@type\":\"Organization\",\"@id\":\"https:\\\/\\\/www.anjela.org\\\/oberenn\\\/#organization\",\"name\":\"Mignoned Anjela\",\"url\":\"https:\\\/\\\/www.anjela.org\\\/oberenn\\\/\",\"logo\":{\"@type\":\"ImageObject\",\"inLanguage\":\"fr-FR\",\"@id\":\"https:\\\/\\\/www.anjela.org\\\/oberenn\\\/#\\\/schema\\\/logo\\\/image\\\/\",\"url\":\"https:\\\/\\\/www.anjela.org\\\/oberenn\\\/wp-content\\\/uploads\\\/2019\\\/11\\\/logo-mignoned-angela.png\",\"contentUrl\":\"https:\\\/\\\/www.anjela.org\\\/oberenn\\\/wp-content\\\/uploads\\\/2019\\\/11\\\/logo-mignoned-angela.png\",\"width\":248,\"height\":147,\"caption\":\"Mignoned Anjela\"},\"image\":{\"@id\":\"https:\\\/\\\/www.anjela.org\\\/oberenn\\\/#\\\/schema\\\/logo\\\/image\\\/\"}},{\"@type\":\"Person\",\"@id\":\"https:\\\/\\\/www.anjela.org\\\/oberenn\\\/#\\\/schema\\\/person\\\/3f46341919a3b7c3ae6a0b10f114ff0c\",\"name\":\"Anjela-Adm\",\"image\":{\"@type\":\"ImageObject\",\"inLanguage\":\"fr-FR\",\"@id\":\"https:\\\/\\\/secure.gravatar.com\\\/avatar\\\/565733aed00fbe7269248aac9873ac3ab8fdb55026c20fd5125b560451088f34?s=96&d=mm&r=g\",\"url\":\"https:\\\/\\\/secure.gravatar.com\\\/avatar\\\/565733aed00fbe7269248aac9873ac3ab8fdb55026c20fd5125b560451088f34?s=96&d=mm&r=g\",\"contentUrl\":\"https:\\\/\\\/secure.gravatar.com\\\/avatar\\\/565733aed00fbe7269248aac9873ac3ab8fdb55026c20fd5125b560451088f34?s=96&d=mm&r=g\",\"caption\":\"Anjela-Adm\"}}]}<\/script>\n<!-- \/ Yoast SEO plugin. -->","yoast_head_json":{"title":"Mon village - Anjela Duval","robots":{"index":"index","follow":"follow","max-snippet":"max-snippet:-1","max-image-preview":"max-image-preview:large","max-video-preview":"max-video-preview:-1"},"canonical":"https:\/\/www.anjela.org\/oberenn\/mon-village-2\/","og_locale":"fr_FR","og_type":"article","og_title":"Mon village - Anjela Duval","og_description":"Le Village est frapp\u00e9 de mutisme. Il porte la couleur de la mort au cou. Les battements de son c\u0153ur se sont [&hellip;]","og_url":"https:\/\/www.anjela.org\/oberenn\/mon-village-2\/","og_site_name":"Anjela Duval","article_published_time":"2017-10-09T22:21:22+00:00","article_modified_time":"2018-03-02T16:14:31+00:00","author":"Anjela-Adm","twitter_card":"summary_large_image","twitter_misc":{"\u00c9crit par":"Anjela-Adm","Dur\u00e9e de lecture estim\u00e9e":"1 minute"},"schema":{"@context":"https:\/\/schema.org","@graph":[{"@type":"Article","@id":"https:\/\/www.anjela.org\/oberenn\/mon-village-2\/#article","isPartOf":{"@id":"https:\/\/www.anjela.org\/oberenn\/mon-village-2\/"},"author":{"name":"Anjela-Adm","@id":"https:\/\/www.anjela.org\/oberenn\/#\/schema\/person\/3f46341919a3b7c3ae6a0b10f114ff0c"},"headline":"Mon village","datePublished":"2017-10-09T22:21:22+00:00","dateModified":"2018-03-02T16:14:31+00:00","mainEntityOfPage":{"@id":"https:\/\/www.anjela.org\/oberenn\/mon-village-2\/"},"wordCount":194,"publisher":{"@id":"https:\/\/www.anjela.org\/oberenn\/#organization"},"articleSection":["Po\u00e8mes","Po\u00e8mes d\u2019Anjela Duval traduits"],"inLanguage":"fr-FR"},{"@type":"WebPage","@id":"https:\/\/www.anjela.org\/oberenn\/mon-village-2\/","url":"https:\/\/www.anjela.org\/oberenn\/mon-village-2\/","name":"Mon village - Anjela Duval","isPartOf":{"@id":"https:\/\/www.anjela.org\/oberenn\/#website"},"datePublished":"2017-10-09T22:21:22+00:00","dateModified":"2018-03-02T16:14:31+00:00","breadcrumb":{"@id":"https:\/\/www.anjela.org\/oberenn\/mon-village-2\/#breadcrumb"},"inLanguage":"fr-FR","potentialAction":[{"@type":"ReadAction","target":["https:\/\/www.anjela.org\/oberenn\/mon-village-2\/"]}]},{"@type":"BreadcrumbList","@id":"https:\/\/www.anjela.org\/oberenn\/mon-village-2\/#breadcrumb","itemListElement":[{"@type":"ListItem","position":1,"name":"Accueil","item":"https:\/\/www.anjela.org\/oberenn\/"},{"@type":"ListItem","position":2,"name":"Mon village"}]},{"@type":"WebSite","@id":"https:\/\/www.anjela.org\/oberenn\/#website","url":"https:\/\/www.anjela.org\/oberenn\/","name":"Anjela Duval","description":"","publisher":{"@id":"https:\/\/www.anjela.org\/oberenn\/#organization"},"potentialAction":[{"@type":"SearchAction","target":{"@type":"EntryPoint","urlTemplate":"https:\/\/www.anjela.org\/oberenn\/?s={search_term_string}"},"query-input":{"@type":"PropertyValueSpecification","valueRequired":true,"valueName":"search_term_string"}}],"inLanguage":"fr-FR"},{"@type":"Organization","@id":"https:\/\/www.anjela.org\/oberenn\/#organization","name":"Mignoned Anjela","url":"https:\/\/www.anjela.org\/oberenn\/","logo":{"@type":"ImageObject","inLanguage":"fr-FR","@id":"https:\/\/www.anjela.org\/oberenn\/#\/schema\/logo\/image\/","url":"https:\/\/www.anjela.org\/oberenn\/wp-content\/uploads\/2019\/11\/logo-mignoned-angela.png","contentUrl":"https:\/\/www.anjela.org\/oberenn\/wp-content\/uploads\/2019\/11\/logo-mignoned-angela.png","width":248,"height":147,"caption":"Mignoned Anjela"},"image":{"@id":"https:\/\/www.anjela.org\/oberenn\/#\/schema\/logo\/image\/"}},{"@type":"Person","@id":"https:\/\/www.anjela.org\/oberenn\/#\/schema\/person\/3f46341919a3b7c3ae6a0b10f114ff0c","name":"Anjela-Adm","image":{"@type":"ImageObject","inLanguage":"fr-FR","@id":"https:\/\/secure.gravatar.com\/avatar\/565733aed00fbe7269248aac9873ac3ab8fdb55026c20fd5125b560451088f34?s=96&d=mm&r=g","url":"https:\/\/secure.gravatar.com\/avatar\/565733aed00fbe7269248aac9873ac3ab8fdb55026c20fd5125b560451088f34?s=96&d=mm&r=g","contentUrl":"https:\/\/secure.gravatar.com\/avatar\/565733aed00fbe7269248aac9873ac3ab8fdb55026c20fd5125b560451088f34?s=96&d=mm&r=g","caption":"Anjela-Adm"}}]}},"_links":{"self":[{"href":"https:\/\/www.anjela.org\/oberenn\/wp-json\/wp\/v2\/posts\/1857","targetHints":{"allow":["GET"]}}],"collection":[{"href":"https:\/\/www.anjela.org\/oberenn\/wp-json\/wp\/v2\/posts"}],"about":[{"href":"https:\/\/www.anjela.org\/oberenn\/wp-json\/wp\/v2\/types\/post"}],"author":[{"embeddable":true,"href":"https:\/\/www.anjela.org\/oberenn\/wp-json\/wp\/v2\/users\/1"}],"replies":[{"embeddable":true,"href":"https:\/\/www.anjela.org\/oberenn\/wp-json\/wp\/v2\/comments?post=1857"}],"version-history":[{"count":0,"href":"https:\/\/www.anjela.org\/oberenn\/wp-json\/wp\/v2\/posts\/1857\/revisions"}],"wp:attachment":[{"href":"https:\/\/www.anjela.org\/oberenn\/wp-json\/wp\/v2\/media?parent=1857"}],"wp:term":[{"taxonomy":"category","embeddable":true,"href":"https:\/\/www.anjela.org\/oberenn\/wp-json\/wp\/v2\/categories?post=1857"},{"taxonomy":"post_tag","embeddable":true,"href":"https:\/\/www.anjela.org\/oberenn\/wp-json\/wp\/v2\/tags?post=1857"}],"curies":[{"name":"wp","href":"https:\/\/api.w.org\/{rel}","templated":true}]}}