{"id":1841,"date":"2017-10-10T00:05:05","date_gmt":"2017-10-09T22:05:05","guid":{"rendered":"http:\/\/www.anjela.org\/oberenn\/?p=1841"},"modified":"2018-03-02T17:11:07","modified_gmt":"2018-03-02T16:11:07","slug":"a-mon-etoile-disparue","status":"publish","type":"post","link":"https:\/\/www.anjela.org\/oberenn\/a-mon-etoile-disparue\/","title":{"rendered":"A mon \u00e9toile disparue"},"content":{"rendered":"<p>Sur l&rsquo;appui de la fen\u00eatre du vieux logis<br \/>\nTrois faux, une pierre \u00e0 aiguiser<br \/>\nUn marteau, une enclume.<br \/>\nPar-dessus \u2014 l&rsquo;un sur l&rsquo;autre<br \/>\nDeux petits sabots de bois jaune<br \/>\nAux brides de cuir noir.<br \/>\nIls avaient ramass\u00e9 de la boue l\u00e0-bas<br \/>\nDans les ruines du Chemin des Am\u00e9thystes<br \/>\nPetits sabots de bois jaune !<br \/>\nPetits souliers de mon \u00e9toile !<br \/>\nEt ses chaussons bleu nuit<br \/>\nSur lesquels l&rsquo;araign\u00e9e a tram\u00e9<br \/>\nSon filet a\u00e9rien et solaire !<br \/>\n\u2014 Quand le retrouvera-t-elle<br \/>\nMon \u00e9toile, son pied agile ?<br \/>\n\u2026 Mon \u00e9toile est malade<br \/>\nMes jours sont noirs, noires mes nuits !<br \/>\n\u2026 Vous regardez par la fen\u00eatre du vieux logis<br \/>\nPetits sabots de bois jaune<br \/>\nNotre \u00e9toile reviendra-t-elle ?<\/p>\n<p>21 novembre 1970<\/p>\n<p>(Traduction Paol Keineg)<\/p>\n<p><a href=http:\/\/www.anjela.org\/oberenn\/dam-steredenn-dianket\/?lang=bz>Ce po\u00e8me en breton<\/a><\/p>\n","protected":false},"excerpt":{"rendered":"<p>Sur l&rsquo;appui de la fen\u00eatre du vieux logis Trois faux, une pierre \u00e0 aiguiser Un marteau, une enclume. Par-dessus \u2014 l&rsquo;un sur [&hellip;]<\/p>\n","protected":false},"author":1,"featured_media":0,"comment_status":"closed","ping_status":"open","sticky":false,"template":"","format":"standard","meta":{"_acf_changed":false,"ngg_post_thumbnail":0,"footnotes":""},"categories":[3,7],"tags":[],"class_list":["post-1841","post","type-post","status-publish","format-standard","hentry","category-poemes","category-anjelatrad"],"acf":[],"yoast_head":"<!-- This site is optimized with the Yoast SEO plugin v27.5 - https:\/\/yoast.com\/product\/yoast-seo-wordpress\/ -->\n<title>A mon \u00e9toile disparue - Anjela Duval<\/title>\n<meta name=\"robots\" content=\"index, follow, max-snippet:-1, max-image-preview:large, max-video-preview:-1\" \/>\n<link rel=\"canonical\" href=\"https:\/\/www.anjela.org\/oberenn\/a-mon-etoile-disparue\/\" \/>\n<meta property=\"og:locale\" content=\"fr_FR\" \/>\n<meta property=\"og:type\" content=\"article\" \/>\n<meta property=\"og:title\" content=\"A mon \u00e9toile disparue - Anjela Duval\" \/>\n<meta property=\"og:description\" content=\"Sur l&rsquo;appui de la fen\u00eatre du vieux logis Trois faux, une pierre \u00e0 aiguiser Un marteau, une enclume. Par-dessus \u2014 l&rsquo;un sur [&hellip;]\" \/>\n<meta property=\"og:url\" content=\"https:\/\/www.anjela.org\/oberenn\/a-mon-etoile-disparue\/\" \/>\n<meta property=\"og:site_name\" content=\"Anjela Duval\" \/>\n<meta property=\"article:published_time\" content=\"2017-10-09T22:05:05+00:00\" \/>\n<meta property=\"article:modified_time\" content=\"2018-03-02T16:11:07+00:00\" \/>\n<meta name=\"author\" content=\"Anjela-Adm\" \/>\n<meta name=\"twitter:card\" content=\"summary_large_image\" \/>\n<meta name=\"twitter:label1\" content=\"\u00c9crit par\" \/>\n\t<meta name=\"twitter:data1\" content=\"Anjela-Adm\" \/>\n\t<meta name=\"twitter:label2\" content=\"Dur\u00e9e de lecture estim\u00e9e\" \/>\n\t<meta name=\"twitter:data2\" content=\"1 minute\" \/>\n<script type=\"application\/ld+json\" class=\"yoast-schema-graph\">{\"@context\":\"https:\\\/\\\/schema.org\",\"@graph\":[{\"@type\":\"Article\",\"@id\":\"https:\\\/\\\/www.anjela.org\\\/oberenn\\\/a-mon-etoile-disparue\\\/#article\",\"isPartOf\":{\"@id\":\"https:\\\/\\\/www.anjela.org\\\/oberenn\\\/a-mon-etoile-disparue\\\/\"},\"author\":{\"name\":\"Anjela-Adm\",\"@id\":\"https:\\\/\\\/www.anjela.org\\\/oberenn\\\/#\\\/schema\\\/person\\\/3f46341919a3b7c3ae6a0b10f114ff0c\"},\"headline\":\"A mon \u00e9toile disparue\",\"datePublished\":\"2017-10-09T22:05:05+00:00\",\"dateModified\":\"2018-03-02T16:11:07+00:00\",\"mainEntityOfPage\":{\"@id\":\"https:\\\/\\\/www.anjela.org\\\/oberenn\\\/a-mon-etoile-disparue\\\/\"},\"wordCount\":129,\"publisher\":{\"@id\":\"https:\\\/\\\/www.anjela.org\\\/oberenn\\\/#organization\"},\"articleSection\":[\"Po\u00e8mes\",\"Po\u00e8mes d\u2019Anjela Duval traduits\"],\"inLanguage\":\"fr-FR\"},{\"@type\":\"WebPage\",\"@id\":\"https:\\\/\\\/www.anjela.org\\\/oberenn\\\/a-mon-etoile-disparue\\\/\",\"url\":\"https:\\\/\\\/www.anjela.org\\\/oberenn\\\/a-mon-etoile-disparue\\\/\",\"name\":\"A mon \u00e9toile disparue - Anjela Duval\",\"isPartOf\":{\"@id\":\"https:\\\/\\\/www.anjela.org\\\/oberenn\\\/#website\"},\"datePublished\":\"2017-10-09T22:05:05+00:00\",\"dateModified\":\"2018-03-02T16:11:07+00:00\",\"breadcrumb\":{\"@id\":\"https:\\\/\\\/www.anjela.org\\\/oberenn\\\/a-mon-etoile-disparue\\\/#breadcrumb\"},\"inLanguage\":\"fr-FR\",\"potentialAction\":[{\"@type\":\"ReadAction\",\"target\":[\"https:\\\/\\\/www.anjela.org\\\/oberenn\\\/a-mon-etoile-disparue\\\/\"]}]},{\"@type\":\"BreadcrumbList\",\"@id\":\"https:\\\/\\\/www.anjela.org\\\/oberenn\\\/a-mon-etoile-disparue\\\/#breadcrumb\",\"itemListElement\":[{\"@type\":\"ListItem\",\"position\":1,\"name\":\"Accueil\",\"item\":\"https:\\\/\\\/www.anjela.org\\\/oberenn\\\/\"},{\"@type\":\"ListItem\",\"position\":2,\"name\":\"A mon \u00e9toile disparue\"}]},{\"@type\":\"WebSite\",\"@id\":\"https:\\\/\\\/www.anjela.org\\\/oberenn\\\/#website\",\"url\":\"https:\\\/\\\/www.anjela.org\\\/oberenn\\\/\",\"name\":\"Anjela Duval\",\"description\":\"\",\"publisher\":{\"@id\":\"https:\\\/\\\/www.anjela.org\\\/oberenn\\\/#organization\"},\"potentialAction\":[{\"@type\":\"SearchAction\",\"target\":{\"@type\":\"EntryPoint\",\"urlTemplate\":\"https:\\\/\\\/www.anjela.org\\\/oberenn\\\/?s={search_term_string}\"},\"query-input\":{\"@type\":\"PropertyValueSpecification\",\"valueRequired\":true,\"valueName\":\"search_term_string\"}}],\"inLanguage\":\"fr-FR\"},{\"@type\":\"Organization\",\"@id\":\"https:\\\/\\\/www.anjela.org\\\/oberenn\\\/#organization\",\"name\":\"Mignoned Anjela\",\"url\":\"https:\\\/\\\/www.anjela.org\\\/oberenn\\\/\",\"logo\":{\"@type\":\"ImageObject\",\"inLanguage\":\"fr-FR\",\"@id\":\"https:\\\/\\\/www.anjela.org\\\/oberenn\\\/#\\\/schema\\\/logo\\\/image\\\/\",\"url\":\"https:\\\/\\\/www.anjela.org\\\/oberenn\\\/wp-content\\\/uploads\\\/2019\\\/11\\\/logo-mignoned-angela.png\",\"contentUrl\":\"https:\\\/\\\/www.anjela.org\\\/oberenn\\\/wp-content\\\/uploads\\\/2019\\\/11\\\/logo-mignoned-angela.png\",\"width\":248,\"height\":147,\"caption\":\"Mignoned Anjela\"},\"image\":{\"@id\":\"https:\\\/\\\/www.anjela.org\\\/oberenn\\\/#\\\/schema\\\/logo\\\/image\\\/\"}},{\"@type\":\"Person\",\"@id\":\"https:\\\/\\\/www.anjela.org\\\/oberenn\\\/#\\\/schema\\\/person\\\/3f46341919a3b7c3ae6a0b10f114ff0c\",\"name\":\"Anjela-Adm\",\"image\":{\"@type\":\"ImageObject\",\"inLanguage\":\"fr-FR\",\"@id\":\"https:\\\/\\\/secure.gravatar.com\\\/avatar\\\/565733aed00fbe7269248aac9873ac3ab8fdb55026c20fd5125b560451088f34?s=96&d=mm&r=g\",\"url\":\"https:\\\/\\\/secure.gravatar.com\\\/avatar\\\/565733aed00fbe7269248aac9873ac3ab8fdb55026c20fd5125b560451088f34?s=96&d=mm&r=g\",\"contentUrl\":\"https:\\\/\\\/secure.gravatar.com\\\/avatar\\\/565733aed00fbe7269248aac9873ac3ab8fdb55026c20fd5125b560451088f34?s=96&d=mm&r=g\",\"caption\":\"Anjela-Adm\"}}]}<\/script>\n<!-- \/ Yoast SEO plugin. -->","yoast_head_json":{"title":"A mon \u00e9toile disparue - Anjela Duval","robots":{"index":"index","follow":"follow","max-snippet":"max-snippet:-1","max-image-preview":"max-image-preview:large","max-video-preview":"max-video-preview:-1"},"canonical":"https:\/\/www.anjela.org\/oberenn\/a-mon-etoile-disparue\/","og_locale":"fr_FR","og_type":"article","og_title":"A mon \u00e9toile disparue - Anjela Duval","og_description":"Sur l&rsquo;appui de la fen\u00eatre du vieux logis Trois faux, une pierre \u00e0 aiguiser Un marteau, une enclume. Par-dessus \u2014 l&rsquo;un sur [&hellip;]","og_url":"https:\/\/www.anjela.org\/oberenn\/a-mon-etoile-disparue\/","og_site_name":"Anjela Duval","article_published_time":"2017-10-09T22:05:05+00:00","article_modified_time":"2018-03-02T16:11:07+00:00","author":"Anjela-Adm","twitter_card":"summary_large_image","twitter_misc":{"\u00c9crit par":"Anjela-Adm","Dur\u00e9e de lecture estim\u00e9e":"1 minute"},"schema":{"@context":"https:\/\/schema.org","@graph":[{"@type":"Article","@id":"https:\/\/www.anjela.org\/oberenn\/a-mon-etoile-disparue\/#article","isPartOf":{"@id":"https:\/\/www.anjela.org\/oberenn\/a-mon-etoile-disparue\/"},"author":{"name":"Anjela-Adm","@id":"https:\/\/www.anjela.org\/oberenn\/#\/schema\/person\/3f46341919a3b7c3ae6a0b10f114ff0c"},"headline":"A mon \u00e9toile disparue","datePublished":"2017-10-09T22:05:05+00:00","dateModified":"2018-03-02T16:11:07+00:00","mainEntityOfPage":{"@id":"https:\/\/www.anjela.org\/oberenn\/a-mon-etoile-disparue\/"},"wordCount":129,"publisher":{"@id":"https:\/\/www.anjela.org\/oberenn\/#organization"},"articleSection":["Po\u00e8mes","Po\u00e8mes d\u2019Anjela Duval traduits"],"inLanguage":"fr-FR"},{"@type":"WebPage","@id":"https:\/\/www.anjela.org\/oberenn\/a-mon-etoile-disparue\/","url":"https:\/\/www.anjela.org\/oberenn\/a-mon-etoile-disparue\/","name":"A mon \u00e9toile disparue - Anjela Duval","isPartOf":{"@id":"https:\/\/www.anjela.org\/oberenn\/#website"},"datePublished":"2017-10-09T22:05:05+00:00","dateModified":"2018-03-02T16:11:07+00:00","breadcrumb":{"@id":"https:\/\/www.anjela.org\/oberenn\/a-mon-etoile-disparue\/#breadcrumb"},"inLanguage":"fr-FR","potentialAction":[{"@type":"ReadAction","target":["https:\/\/www.anjela.org\/oberenn\/a-mon-etoile-disparue\/"]}]},{"@type":"BreadcrumbList","@id":"https:\/\/www.anjela.org\/oberenn\/a-mon-etoile-disparue\/#breadcrumb","itemListElement":[{"@type":"ListItem","position":1,"name":"Accueil","item":"https:\/\/www.anjela.org\/oberenn\/"},{"@type":"ListItem","position":2,"name":"A mon \u00e9toile disparue"}]},{"@type":"WebSite","@id":"https:\/\/www.anjela.org\/oberenn\/#website","url":"https:\/\/www.anjela.org\/oberenn\/","name":"Anjela Duval","description":"","publisher":{"@id":"https:\/\/www.anjela.org\/oberenn\/#organization"},"potentialAction":[{"@type":"SearchAction","target":{"@type":"EntryPoint","urlTemplate":"https:\/\/www.anjela.org\/oberenn\/?s={search_term_string}"},"query-input":{"@type":"PropertyValueSpecification","valueRequired":true,"valueName":"search_term_string"}}],"inLanguage":"fr-FR"},{"@type":"Organization","@id":"https:\/\/www.anjela.org\/oberenn\/#organization","name":"Mignoned Anjela","url":"https:\/\/www.anjela.org\/oberenn\/","logo":{"@type":"ImageObject","inLanguage":"fr-FR","@id":"https:\/\/www.anjela.org\/oberenn\/#\/schema\/logo\/image\/","url":"https:\/\/www.anjela.org\/oberenn\/wp-content\/uploads\/2019\/11\/logo-mignoned-angela.png","contentUrl":"https:\/\/www.anjela.org\/oberenn\/wp-content\/uploads\/2019\/11\/logo-mignoned-angela.png","width":248,"height":147,"caption":"Mignoned Anjela"},"image":{"@id":"https:\/\/www.anjela.org\/oberenn\/#\/schema\/logo\/image\/"}},{"@type":"Person","@id":"https:\/\/www.anjela.org\/oberenn\/#\/schema\/person\/3f46341919a3b7c3ae6a0b10f114ff0c","name":"Anjela-Adm","image":{"@type":"ImageObject","inLanguage":"fr-FR","@id":"https:\/\/secure.gravatar.com\/avatar\/565733aed00fbe7269248aac9873ac3ab8fdb55026c20fd5125b560451088f34?s=96&d=mm&r=g","url":"https:\/\/secure.gravatar.com\/avatar\/565733aed00fbe7269248aac9873ac3ab8fdb55026c20fd5125b560451088f34?s=96&d=mm&r=g","contentUrl":"https:\/\/secure.gravatar.com\/avatar\/565733aed00fbe7269248aac9873ac3ab8fdb55026c20fd5125b560451088f34?s=96&d=mm&r=g","caption":"Anjela-Adm"}}]}},"_links":{"self":[{"href":"https:\/\/www.anjela.org\/oberenn\/wp-json\/wp\/v2\/posts\/1841","targetHints":{"allow":["GET"]}}],"collection":[{"href":"https:\/\/www.anjela.org\/oberenn\/wp-json\/wp\/v2\/posts"}],"about":[{"href":"https:\/\/www.anjela.org\/oberenn\/wp-json\/wp\/v2\/types\/post"}],"author":[{"embeddable":true,"href":"https:\/\/www.anjela.org\/oberenn\/wp-json\/wp\/v2\/users\/1"}],"replies":[{"embeddable":true,"href":"https:\/\/www.anjela.org\/oberenn\/wp-json\/wp\/v2\/comments?post=1841"}],"version-history":[{"count":0,"href":"https:\/\/www.anjela.org\/oberenn\/wp-json\/wp\/v2\/posts\/1841\/revisions"}],"wp:attachment":[{"href":"https:\/\/www.anjela.org\/oberenn\/wp-json\/wp\/v2\/media?parent=1841"}],"wp:term":[{"taxonomy":"category","embeddable":true,"href":"https:\/\/www.anjela.org\/oberenn\/wp-json\/wp\/v2\/categories?post=1841"},{"taxonomy":"post_tag","embeddable":true,"href":"https:\/\/www.anjela.org\/oberenn\/wp-json\/wp\/v2\/tags?post=1841"}],"curies":[{"name":"wp","href":"https:\/\/api.w.org\/{rel}","templated":true}]}}